{"id":42230,"date":"2012-06-02T18:46:04","date_gmt":"2012-06-02T21:46:04","guid":{"rendered":"http:\/\/www.r2cpress.com.br\/v1\/?p=42230"},"modified":"2012-06-02T18:46:04","modified_gmt":"2012-06-02T21:46:04","slug":"o-desterro-dos-mortos","status":"publish","type":"post","link":"https:\/\/www.r2cpress.com.br\/v1\/2012\/06\/02\/o-desterro-dos-mortos\/","title":{"rendered":"O DESTERRO DOS MORTOS"},"content":{"rendered":"<p>O DESTERRO DOS MORTOS<\/p>\n<p>LIVRO SELECIONADO PARA O VESTIBULAR DA UNEB<br \/>\nAutor: Aleilton Fonseca\u00a0\u00a0\u00a0 |\u00a0\u00a0\u00a0\u00a0 Editora: Via Litterarum<\/p>\n<p>&nbsp;<\/p>\n<p>Compre atrav\u00e9s do site: <a href=\"http:\/\/www.quiosquecultural.com.br\/\">www.quiosquecultural.com.br<\/a><br \/>\nMaiores quantidades: <a href=\"mailto:venda@vleditora.com.br\">vendas@vleditora.com.br<\/a><br \/>\nContato: 73-4141-0748<br \/>\nContato do autor: <a href=\"mailto:aleilton50@gmail.com\">aleilton50@gmail.com<\/a> | 71-8876-1519<\/p>\n<p>&nbsp;<\/p>\n<div id=\"attachment_42231\" style=\"width: 310px\" class=\"wp-caption aligncenter\"><a href=\"http:\/\/www.r2cpress.com.br\/v1\/wp-content\/uploads\/Capa-Livro-O-Desterro.jpg\"><img aria-describedby=\"caption-attachment-42231\" loading=\"lazy\" class=\"size-full wp-image-42231\" title=\"Capa Livro O Desterro\" src=\"http:\/\/www.r2cpress.com.br\/v1\/wp-content\/uploads\/Capa-Livro-O-Desterro.jpg\" alt=\"\" width=\"300\" height=\"443\" srcset=\"https:\/\/www.r2cpress.com.br\/v1\/wp-content\/uploads\/Capa-Livro-O-Desterro.jpg 300w, https:\/\/www.r2cpress.com.br\/v1\/wp-content\/uploads\/Capa-Livro-O-Desterro-203x300.jpg 203w\" sizes=\"(max-width: 300px) 100vw, 300px\" \/><\/a><p id=\"caption-attachment-42231\" class=\"wp-caption-text\">Capa<\/p><\/div>\n<p>SINOPSE<\/p>\n<p><strong><\/strong>O desterro dos mortos constitui-se de um conjunto de\u00a012 contos escritos numa linguagem simples e elegante, com uma profus\u00e3o de viv\u00eancias e experi\u00eancias experimentadas por personagens emblem\u00e1ticos do cotidiano. As hist\u00f3rias s\u00e3o surpreendentes, cheias de humanidade e busca de compreens\u00e3o do outro. E os narradores est\u00e3o sempre empenhados em desvendar e compreender as vicissitudes da exist\u00eancia humana.<\/p>\n<p>Em cada conto, o\u00a0leitor se depara com situa\u00e7\u00f5es em que as personagens enfrentam os confrontos e os dilemas da vida \u2013 a aceita\u00e7\u00e3o, o amor, a dor, a finitude, a compaix\u00e3o. A morte aparece n\u00e3o apenas como perda e dor, mas como experi\u00eancia profundamente humana, rica em significados e sabedoria.\u00a0Os narradores trazem\u00a0\u00e0 tona as diversas quest\u00f5es que envolvem as rela\u00e7\u00f5es interpessoais, entre amigos e familiares, em que a reflex\u00e3o sobre as pessoas e os seus afetos\u00a0transformam-se em conhecimentos\u00a0e experi\u00eancias para a compreens\u00e3o do mundo e da vida.<\/p>\n<p>O livro \u00e9 todo vazado em uma prosa simples, atraente, po\u00e9tica, que narra os fatos com a leveza, detalhes e uma enorme solidariedade para com as personagens e o leitor. A morte marca as narrativas e instiga o leitor a pensar na exist\u00eancia humana e na import\u00e2ncia de tentar compreender e aceitar as diferen\u00e7as no conv\u00edvio com as pessoas pr\u00f3ximas e com os semelhantes.<\/p>\n<p>APRESENTA\u00c7\u00c3O<\/p>\n<p>CONTOS DE INTENSA HUMANIDADE<\/p>\n<p><!--more--><\/p>\n<p>A palavra exata associada a uma viv\u00eancia profunda; a observa\u00e7\u00e3o arguta e sutil da vida, expressa atrav\u00e9s de um olhar marcado por um profundo lirismo, que comp\u00f5e, passo a passo, e com extremo cuidado, uma constru\u00e7\u00e3o art\u00edstica plena de significados. Isto \u00e9 o que se pode dizer, logo de partida, dos 12 contos do escritor Aleilton Fonseca, reunidos neste livro O desterro dos mortos.<\/p>\n<p>A obra inclui cinco hist\u00f3rias anteriormente publicadas em Ja\u00fa dos Bois e Outros Contos, que obteve consider\u00e1vel reconhecimento por parte da cr\u00edtica, com refer\u00eancias entusiasmadas \u00e0 eleg\u00e2ncia da linguagem simples, justa e densa de significados (Lu\u00eds Ant\u00f4nio Cajazeira Ramos), \u00e0 leveza e \u00e0 criatividade dos textos \u201ccombinadas com a habilidade de quem sabe equilibrar as palavras\u201d (K\u00e1tia Borges), \u00e0 jun\u00e7\u00e3o da \u201cprofus\u00e3o de sentimentos vivos do seu universo ficcional num espa\u00e7o definido e preciso: o espa\u00e7o da escrita&#8230;\u201d (Cid Seixas), \u00e0 \u201csimplicidade de alto n\u00edvel, como se quer a simplicidade liter\u00e1ria\u201d (Gl\u00e1ucia Lemos), ao \u201cdom\u00ednio da t\u00e9cnica formal a servi\u00e7o de uma sensibilidade agu\u00e7ada\u201d (Lu\u00eds Ruffato) e \u00e0 sutil an\u00e1lise psicol\u00f3gica que lhe d\u00e1 um car\u00e1ter universal (Dominique Stoenesco).<\/p>\n<p>Nesse livro, Aleilton confirma sua posi\u00e7\u00e3o entre os melhores escritores brasileiros de sua gera\u00e7\u00e3o, fato perfeitamente constat\u00e1vel por quem se dispuser a ler contos como \u201cO Sorriso da Estrela\u201d \u2013 inclu\u00eddo na antologia 25 Contistas Baianos, organizada por Cyro de Mattos \u2013, \u201cO Av\u00f4 e o Rio\u201d, \u201cO Pescador\u201d e \u201cO Sabor das Nuvens\u201d, entre outros. S\u00e3o pe\u00e7as primorosas que garantem, como assinala a professora Rita Aparecida Co\u00ealho Santos, no posf\u00e1cio, a perman\u00eancia do narrador \u2013 o mesmo do qual se vaticinou a morte, mas que est\u00e1 mais do que nunca vivo e atuante.<\/p>\n<p>Segundo Rita Aparecida, Aleilton Fonseca aproxima-se do narrador cl\u00e1ssico, conforme caracteriza\u00e7\u00e3o que dele fez Walter Benjamim em famoso ensaio sobre Nicolai Leskov. \u201cEm geral, seus contos s\u00e3o relatos de viv\u00eancias poderosamente nossas e ao mesmo tempo universais, porque falam dos mist\u00e9rios da vida e da morte, e \u00e9 isso que eleva a nossa alma e nos faz pensar na necessidade de intercambiar experi\u00eancias e ouvir conselhos\u201d, diz ela.<\/p>\n<p>As contradi\u00e7\u00f5es \u2013 muitas vezes ilus\u00f3rias \u2013 entre tradi\u00e7\u00e3o e modernidade, regional e urbano ou local e universal desaparecem, aqui, na alquimia que une experi\u00eancia e linguagem. Experi\u00eancia profunda, linguagem depurada \u2013 eis a base sobre a qual se constr\u00f3i o edif\u00edcio ficcional do autor. Os tijolos s\u00e3o os velhos e inextingu\u00edveis temas: a solid\u00e3o, a loucura, o amadurecimento, a amizade, o ciclo de nascimento, amadurecimento e morte, o amor.<\/p>\n<p>H\u00e1 nos contos v\u00e1rios narradores e personagens emblem\u00e1ticos: o menino que s\u00f3 compreende a irm\u00e3 \u201cdoida\u201d \u2013 que lhe ofertava uma estrela \u2013 depois da sua morte; o menino que acompanha a luta do av\u00f4 contra um rio, que avan\u00e7a mais e mais sobre suas terras; o homem que retorna, ap\u00f3s muitos anos, \u00e0 f\u00e1brica inexistente, agora apenas um terreno tomado pelo mato, na qual sempre fora proibido de entrar; a av\u00f3 que, docemente, espera a volta do marido morto, ap\u00f3s tantos anos&#8230; hist\u00f3rias tocadas pelo mais intenso lirismo e que, como num conto de Tchekov, livre de qualquer sentimentalismo f\u00e1cil, nos restituem o direito de chorar e rir, esquecidos de que estamos diante de uma fic\u00e7\u00e3o.<\/p>\n<p>&nbsp;<\/p>\n<p align=\"right\"><em>Carlos Ribeiro \u00e9 escritor e jornalista, Doutor em Letras (UFBa), professor da Universidade Federal do Rec\u00f4ncavo Baiano, e membro da Academia de Letras da Bahia.<\/em><\/p>\n<p align=\"right\"><em>\u00a0<\/em><\/p>\n<p><strong>SOBRE O AUTOR<\/strong><\/p>\n<p>Aleilton Fonseca nasceu em Firmino Alves (1959), cresceu em Ilh\u00e9us e reside em Salvador. Cursou Letras (UFBA), mestrado (UFPB) e doutorado na USP (1997). Atuou na UESB e \u00e9 Professor Pleno de Literatura da UEFS. Em 2003 lecionou na Universit\u00e9 d\u2019Artois (Fran\u00e7a). \u00c9 coeditor das revistas <em>Iararana<\/em> (Literatura) e <em>L\u00e9gua e Meia<\/em> (Artigos). Publicou v\u00e1rios livros. Poesia: <em>Movimento de sondagem<\/em> (1981), <em>O espelho da consci\u00eancia<\/em> (1984), <em>Teoria particular do poema<\/em> (1994). <em>As formas do barro<\/em> (2006). Contos: <em>Ja\u00fa dos Bois<\/em> (1997), <em>O desterro dos mortos<\/em> (2001), <em>O canto de Alvorada<\/em> (2003) e <em>Les marques du feu<\/em> (2008, Fran\u00e7a). Ensaio: <em>Guimar\u00e3es Rosa, \u00e9crivain br\u00e9silien <\/em>(2008, B\u00e9lgica). Romances: <em>Nh\u00f4 Guimar\u00e3es <\/em>(2006) e <em>O P\u00eandulo de Euclides<\/em> (2009). Pertence \u00e0 UBE-SP, ao PEN Clube do Brasil e \u00e0 Academia de Letras da Bahia.<\/p>\n","protected":false},"excerpt":{"rendered":"<p>O DESTERRO DOS MORTOS LIVRO SELECIONADO PARA O VESTIBULAR DA UNEB Autor: Aleilton Fonseca\u00a0\u00a0\u00a0 |\u00a0\u00a0\u00a0\u00a0 Editora: Via Litterarum &nbsp; Compre atrav\u00e9s do site: www.quiosquecultural.com.br Maiores quantidades: vendas@vleditora.com.br Contato: 73-4141-0748 Contato do autor: aleilton50@gmail.com | 71-8876-1519 &nbsp; SINOPSE O desterro dos mortos constitui-se de um conjunto de\u00a012 contos escritos numa linguagem simples e elegante, com uma [&hellip;]<\/p>\n","protected":false},"author":2,"featured_media":0,"comment_status":"open","ping_status":"open","sticky":false,"template":"","format":"standard","meta":{"_links_to":"","_links_to_target":""},"categories":[5],"tags":[],"_links":{"self":[{"href":"https:\/\/www.r2cpress.com.br\/v1\/wp-json\/wp\/v2\/posts\/42230"}],"collection":[{"href":"https:\/\/www.r2cpress.com.br\/v1\/wp-json\/wp\/v2\/posts"}],"about":[{"href":"https:\/\/www.r2cpress.com.br\/v1\/wp-json\/wp\/v2\/types\/post"}],"author":[{"embeddable":true,"href":"https:\/\/www.r2cpress.com.br\/v1\/wp-json\/wp\/v2\/users\/2"}],"replies":[{"embeddable":true,"href":"https:\/\/www.r2cpress.com.br\/v1\/wp-json\/wp\/v2\/comments?post=42230"}],"version-history":[{"count":3,"href":"https:\/\/www.r2cpress.com.br\/v1\/wp-json\/wp\/v2\/posts\/42230\/revisions"}],"predecessor-version":[{"id":42234,"href":"https:\/\/www.r2cpress.com.br\/v1\/wp-json\/wp\/v2\/posts\/42230\/revisions\/42234"}],"wp:attachment":[{"href":"https:\/\/www.r2cpress.com.br\/v1\/wp-json\/wp\/v2\/media?parent=42230"}],"wp:term":[{"taxonomy":"category","embeddable":true,"href":"https:\/\/www.r2cpress.com.br\/v1\/wp-json\/wp\/v2\/categories?post=42230"},{"taxonomy":"post_tag","embeddable":true,"href":"https:\/\/www.r2cpress.com.br\/v1\/wp-json\/wp\/v2\/tags?post=42230"}],"curies":[{"name":"wp","href":"https:\/\/api.w.org\/{rel}","templated":true}]}}