{"id":42242,"date":"2012-06-02T19:46:33","date_gmt":"2012-06-02T22:46:33","guid":{"rendered":"http:\/\/www.r2cpress.com.br\/v1\/?p=42242"},"modified":"2012-06-02T19:46:33","modified_gmt":"2012-06-02T22:46:33","slug":"homem-mata-avos-a-facadas-apos-ter-pedido-de-dinheiro-negado-em-ilheus","status":"publish","type":"post","link":"https:\/\/www.r2cpress.com.br\/v1\/2012\/06\/02\/homem-mata-avos-a-facadas-apos-ter-pedido-de-dinheiro-negado-em-ilheus\/","title":{"rendered":"Homem mata av\u00f3s a facadas ap\u00f3s ter pedido de dinheiro negado em Ilh\u00e9us"},"content":{"rendered":"<p><strong>Tiago Santana dos Santos confessou o crime durante o depoimento prestado na 1\u00aa Delegacia de Ilh\u00e9us<\/strong><\/p>\n<p>Um homem de 31 anos matou os av\u00f3s a facadas na madrugada deste s\u00e1bado (2), na cidade de lh\u00e9us, no Sul da Bahia, depois que o casal de idosos negou dinheiro que seria utilizado pelo neto para a compra de crack.<\/p>\n<p>De acordo com informa\u00e7\u00f5es do delegado F\u00e1bio Sim\u00f5es, plantonista da 1\u00aa Delegacia de Ilh\u00e9us, Tiago Santana dos Santos Andrade confessou o crime durante o depoimento na unidade policial. Ele disse que pediu o dinheiro para a av\u00f3 por volta das 2h na casa onde os idosos moravam e, ao ter o pedido negado por Vanda Santana dos Santos, de 78 anos, atingiu a av\u00f3 com diversas facadas pelas costas na sala do apartamento.<\/p>\n<p>Em seguida, Tiago teria ido ao quarto do av\u00f4, onde o mesmo dormia, e esfaqueou Jos\u00e9 Alb\u00e9rico dos Santos, de 80 anos, at\u00e9 a morte. Ap\u00f3s o homic\u00eddio, o jovem ainda roubou R$ 50 reais que estavam no bolso da v\u00edtima.<\/p>\n<p>O suspeito, que \u00e9 usu\u00e1rio de crack h\u00e1 11 anos, s\u00f3 foi preso cerca de uma hora ap\u00f3s o crime, quando voltou ao apartamento onde morava com os av\u00f3s, no Centro de Ilh\u00e9us, e encontrou a pol\u00edcia, que havia sido acionada por vizinhos.<\/p>\n<p>Tiago Santana est\u00e1 preso na 7\u00aa Coordenadoria de Pol\u00edcia do Interior, em Ilh\u00e9us, \u00e0 disposi\u00e7\u00e3o da Justi\u00e7a. Os corpos dos idosos foram encaminhados para o Departamento de Pol\u00edcia T\u00e9cnica de Itabuna para per\u00edcia.<\/p>\n<p>&#8212;<br \/>\nCORREIO DA BAHIA<br \/>\nhttp:\/\/www.correio24horas.com.br\/noticias\/detalhes\/detalhes-1\/artigo\/homem-mata-avos-a-facadas-apos-ter-pedido-de-dinheiro-negado-em-ilheus\/<br \/>\n* Com informa\u00e7\u00f5es da rep\u00f3rter Lorena Caliman<\/p>\n","protected":false},"excerpt":{"rendered":"<p>Tiago Santana dos Santos confessou o crime durante o depoimento prestado na 1\u00aa Delegacia de Ilh\u00e9us Um homem de 31 anos matou os av\u00f3s a facadas na madrugada deste s\u00e1bado (2), na cidade de lh\u00e9us, no Sul da Bahia, depois que o casal de idosos negou dinheiro que seria utilizado pelo neto para a compra [&hellip;]<\/p>\n","protected":false},"author":2,"featured_media":0,"comment_status":"open","ping_status":"open","sticky":false,"template":"","format":"standard","meta":{"_links_to":"","_links_to_target":""},"categories":[25],"tags":[],"_links":{"self":[{"href":"https:\/\/www.r2cpress.com.br\/v1\/wp-json\/wp\/v2\/posts\/42242"}],"collection":[{"href":"https:\/\/www.r2cpress.com.br\/v1\/wp-json\/wp\/v2\/posts"}],"about":[{"href":"https:\/\/www.r2cpress.com.br\/v1\/wp-json\/wp\/v2\/types\/post"}],"author":[{"embeddable":true,"href":"https:\/\/www.r2cpress.com.br\/v1\/wp-json\/wp\/v2\/users\/2"}],"replies":[{"embeddable":true,"href":"https:\/\/www.r2cpress.com.br\/v1\/wp-json\/wp\/v2\/comments?post=42242"}],"version-history":[{"count":1,"href":"https:\/\/www.r2cpress.com.br\/v1\/wp-json\/wp\/v2\/posts\/42242\/revisions"}],"predecessor-version":[{"id":42243,"href":"https:\/\/www.r2cpress.com.br\/v1\/wp-json\/wp\/v2\/posts\/42242\/revisions\/42243"}],"wp:attachment":[{"href":"https:\/\/www.r2cpress.com.br\/v1\/wp-json\/wp\/v2\/media?parent=42242"}],"wp:term":[{"taxonomy":"category","embeddable":true,"href":"https:\/\/www.r2cpress.com.br\/v1\/wp-json\/wp\/v2\/categories?post=42242"},{"taxonomy":"post_tag","embeddable":true,"href":"https:\/\/www.r2cpress.com.br\/v1\/wp-json\/wp\/v2\/tags?post=42242"}],"curies":[{"name":"wp","href":"https:\/\/api.w.org\/{rel}","templated":true}]}}