{"id":42635,"date":"2012-06-07T09:27:14","date_gmt":"2012-06-07T12:27:14","guid":{"rendered":"http:\/\/www.r2cpress.com.br\/v1\/?p=42635"},"modified":"2012-06-07T09:29:38","modified_gmt":"2012-06-07T12:29:38","slug":"sera-o-fim-da-picada-o-titulo-e-nosso","status":"publish","type":"post","link":"https:\/\/www.r2cpress.com.br\/v1\/2012\/06\/07\/sera-o-fim-da-picada-o-titulo-e-nosso\/","title":{"rendered":"Ser\u00e1 o fim da picada (o t\u00edtulo \u00e9 nosso)"},"content":{"rendered":"<p>&#8220;Rep\u00f3rter do <a href = \"http:\/\/www.jornalbahiaonline.com.br\/noticia\/18674\/acusado_de_pedofilia_e_foragido_da_justica,_fabio_barreto_e_preso_no_pelourinho\" target = \"_news\"><b>Jornal Bahia Online \/ Atualizado \u00e0s 21h30min <\/b><\/a> em Salvador est\u00e1 no local da deten\u00e7\u00e3o. A Pol\u00edcia de Salvador neste momento encontra enormes dificuldades para manter contato com a Corpin de Ilh\u00e9us e, via internet, n\u00e3o conseguiu localizar o pedido de pris\u00e3o. F\u00e1bio Barreto alega inoc\u00eancia e se diz v\u00edtima de uma persegui\u00e7\u00e3o pol\u00edtica. Caso n\u00e3o consiga confirmar o pedido de pris\u00e3o, F\u00e1bio Barreto poder\u00e1 ser solto, informa uma fonte policial.&#8221;.<\/p>\n","protected":false},"excerpt":{"rendered":"<p>&#8220;Rep\u00f3rter do Jornal Bahia Online \/ Atualizado \u00e0s 21h30min em Salvador est\u00e1 no local da deten\u00e7\u00e3o. A Pol\u00edcia de Salvador neste momento encontra enormes dificuldades para manter contato com a Corpin de Ilh\u00e9us e, via internet, n\u00e3o conseguiu localizar o pedido de pris\u00e3o. F\u00e1bio Barreto alega inoc\u00eancia e se diz v\u00edtima de uma persegui\u00e7\u00e3o pol\u00edtica. [&hellip;]<\/p>\n","protected":false},"author":2,"featured_media":0,"comment_status":"open","ping_status":"open","sticky":false,"template":"","format":"standard","meta":{"_links_to":"","_links_to_target":""},"categories":[25],"tags":[],"_links":{"self":[{"href":"https:\/\/www.r2cpress.com.br\/v1\/wp-json\/wp\/v2\/posts\/42635"}],"collection":[{"href":"https:\/\/www.r2cpress.com.br\/v1\/wp-json\/wp\/v2\/posts"}],"about":[{"href":"https:\/\/www.r2cpress.com.br\/v1\/wp-json\/wp\/v2\/types\/post"}],"author":[{"embeddable":true,"href":"https:\/\/www.r2cpress.com.br\/v1\/wp-json\/wp\/v2\/users\/2"}],"replies":[{"embeddable":true,"href":"https:\/\/www.r2cpress.com.br\/v1\/wp-json\/wp\/v2\/comments?post=42635"}],"version-history":[{"count":5,"href":"https:\/\/www.r2cpress.com.br\/v1\/wp-json\/wp\/v2\/posts\/42635\/revisions"}],"predecessor-version":[{"id":42639,"href":"https:\/\/www.r2cpress.com.br\/v1\/wp-json\/wp\/v2\/posts\/42635\/revisions\/42639"}],"wp:attachment":[{"href":"https:\/\/www.r2cpress.com.br\/v1\/wp-json\/wp\/v2\/media?parent=42635"}],"wp:term":[{"taxonomy":"category","embeddable":true,"href":"https:\/\/www.r2cpress.com.br\/v1\/wp-json\/wp\/v2\/categories?post=42635"},{"taxonomy":"post_tag","embeddable":true,"href":"https:\/\/www.r2cpress.com.br\/v1\/wp-json\/wp\/v2\/tags?post=42635"}],"curies":[{"name":"wp","href":"https:\/\/api.w.org\/{rel}","templated":true}]}}