{"id":42641,"date":"2012-06-07T10:32:07","date_gmt":"2012-06-07T13:32:07","guid":{"rendered":"http:\/\/www.r2cpress.com.br\/v1\/?p=42641"},"modified":"2012-06-07T13:03:34","modified_gmt":"2012-06-07T16:03:34","slug":"prisao-de-ladroes-e-homicida","status":"publish","type":"post","link":"https:\/\/www.r2cpress.com.br\/v1\/2012\/06\/07\/prisao-de-ladroes-e-homicida\/","title":{"rendered":"PRIS\u00c3O DE LADR\u00d5ES E HOMIC\u00cdDA"},"content":{"rendered":"<p align=\"center\"><strong>POL\u00cdCIA MILITAR DA BAHIA<\/strong><\/p>\n<p align=\"center\"><strong>68\u00aa COMPANHIA INDEPENDENTE DE POL\u00cdCIA MILITAR<\/strong><\/p>\n<p><strong>\u00a0Data<\/strong>: 07\/06\/2012<\/p>\n<p><strong>Assunto: PRIS\u00c3O DE LADR\u00d5ES E HOMIC\u00cdDA<\/strong><\/p>\n<div>\n<p>\u00a0<strong><\/strong><strong><\/strong>No mesmo dia de ontem, por volta das 09h00 da manh\u00e3, a Pol\u00edcia Militar de Ilh\u00e9us, atrav\u00e9s dos seus policiais de servi\u00e7o no policiamento ostensivo \u00e0 p\u00e9, ap\u00f3s tomarem conhecimento do arrombamento ocorrido na madrugada, na loja Rota do Mar, situada na Rua Marqu\u00eas de Paranagu\u00e1 \u2013 Centro, realizaram dilig\u00eancias pela vizinhan\u00e7a e, ao chegarem ao cais, detiveram os acusados JOSENILDO SANTOS DE JESUS, morador de rua, nascido em 04\/09\/1984 e JONALI DE OLIVEIRA DANTAS, moradora de rua, nascida em 15\/03\/1988, e, com ambos, foram encontradas pe\u00e7as de roupas furtadas na loja, sendo os objetos reconhecidos pela propriet\u00e1ria, Sra. Rita de C\u00e1ssia Nepomuceno Primo. Na DP, o Agente Ciro Bomfim, registrou a ocorr\u00eancia 12-03082 e flagrante lavrado pelo Delegado Bel. Norberto.<\/p>\n<\/div>\n<p>Durante o interrogat\u00f3rio o acusado confessou o assassinato de um usu\u00e1rio de drogas, na madrugada do dia 01jun12, nas proximidades do cais, tendo como c\u00famplice outro elemento conhecido como Paulo.<\/p>\n<p>&#8212;<\/p>\n<p>Lembre <a href = \"http:\/\/www.r2cpress.com.br\/v1\/2012\/06\/06\/na-marques-de-paranagua\/\" target = \"_news\"><b>AQUI<\/b><\/a> e <a href = \"http:\/\/www.r2cpress.com.br\/v1\/2012\/06\/02\/assasinato-no-antigo-porto-da-lancha\/\" target = \"_news\"><b>AQUI<\/b><\/a><\/p>\n","protected":false},"excerpt":{"rendered":"<p>POL\u00cdCIA MILITAR DA BAHIA 68\u00aa COMPANHIA INDEPENDENTE DE POL\u00cdCIA MILITAR \u00a0Data: 07\/06\/2012 Assunto: PRIS\u00c3O DE LADR\u00d5ES E HOMIC\u00cdDA \u00a0No mesmo dia de ontem, por volta das 09h00 da manh\u00e3, a Pol\u00edcia Militar de Ilh\u00e9us, atrav\u00e9s dos seus policiais de servi\u00e7o no policiamento ostensivo \u00e0 p\u00e9, ap\u00f3s tomarem conhecimento do arrombamento ocorrido na madrugada, na loja [&hellip;]<\/p>\n","protected":false},"author":2,"featured_media":0,"comment_status":"open","ping_status":"open","sticky":false,"template":"","format":"standard","meta":{"_links_to":"","_links_to_target":""},"categories":[25],"tags":[],"_links":{"self":[{"href":"https:\/\/www.r2cpress.com.br\/v1\/wp-json\/wp\/v2\/posts\/42641"}],"collection":[{"href":"https:\/\/www.r2cpress.com.br\/v1\/wp-json\/wp\/v2\/posts"}],"about":[{"href":"https:\/\/www.r2cpress.com.br\/v1\/wp-json\/wp\/v2\/types\/post"}],"author":[{"embeddable":true,"href":"https:\/\/www.r2cpress.com.br\/v1\/wp-json\/wp\/v2\/users\/2"}],"replies":[{"embeddable":true,"href":"https:\/\/www.r2cpress.com.br\/v1\/wp-json\/wp\/v2\/comments?post=42641"}],"version-history":[{"count":5,"href":"https:\/\/www.r2cpress.com.br\/v1\/wp-json\/wp\/v2\/posts\/42641\/revisions"}],"predecessor-version":[{"id":42660,"href":"https:\/\/www.r2cpress.com.br\/v1\/wp-json\/wp\/v2\/posts\/42641\/revisions\/42660"}],"wp:attachment":[{"href":"https:\/\/www.r2cpress.com.br\/v1\/wp-json\/wp\/v2\/media?parent=42641"}],"wp:term":[{"taxonomy":"category","embeddable":true,"href":"https:\/\/www.r2cpress.com.br\/v1\/wp-json\/wp\/v2\/categories?post=42641"},{"taxonomy":"post_tag","embeddable":true,"href":"https:\/\/www.r2cpress.com.br\/v1\/wp-json\/wp\/v2\/tags?post=42641"}],"curies":[{"name":"wp","href":"https:\/\/api.w.org\/{rel}","templated":true}]}}