{"id":42718,"date":"2012-06-08T09:58:16","date_gmt":"2012-06-08T12:58:16","guid":{"rendered":"http:\/\/www.r2cpress.com.br\/v1\/?p=42718"},"modified":"2012-06-08T09:58:16","modified_gmt":"2012-06-08T12:58:16","slug":"festa-de-corpus-christi-na-diocese-de-ilheus","status":"publish","type":"post","link":"https:\/\/www.r2cpress.com.br\/v1\/2012\/06\/08\/festa-de-corpus-christi-na-diocese-de-ilheus\/","title":{"rendered":"Festa de Corpus Christi na Diocese de Ilh\u00e9us"},"content":{"rendered":"<p align=\"center\"><center><a href=\"http:\/\/www.r2cpress.com.br\/v1\/wp-content\/uploads\/DIOCESE-CORPUS-CRISTI.jpg\"><img loading=\"lazy\" class=\"aligncenter size-full wp-image-42719\" title=\"DIOCESE CORPUS CRISTI\" src=\"http:\/\/www.r2cpress.com.br\/v1\/wp-content\/uploads\/DIOCESE-CORPUS-CRISTI.jpg\" alt=\"\" width=\"550\" height=\"413\" srcset=\"https:\/\/www.r2cpress.com.br\/v1\/wp-content\/uploads\/DIOCESE-CORPUS-CRISTI.jpg 550w, https:\/\/www.r2cpress.com.br\/v1\/wp-content\/uploads\/DIOCESE-CORPUS-CRISTI-300x225.jpg 300w\" sizes=\"(max-width: 550px) 100vw, 550px\" \/><\/a><\/center><\/p>\n<p align=\"center\"><em>Milhares de Fies dos Zonais Centro Norte e Sul Ocuparam a Avenida Soares Lopes para Acompanharem a Presen\u00e7a do Corpo de Cristo em Nosso Meio<\/em><\/p>\n<p><strong><em>Festa de Corpus Christi na Diocese de Ilh\u00e9us<\/em><\/strong><\/p>\n<p>Caminhada da Festa de Corpus Christi, dos Zonais Centro Norte e Sul da Diocese de Ilh\u00e9us, re\u00fane milhares de pessoas na Avenida Soares Lopes em Ilh\u00e9us na Bahia. Este maravilhoso evento aconteceu neste dia 07 de junho de 2012 \u00e0s 16h00, o Bispo de Ilh\u00e9us Dom Mauro Montagnoli foi conduzindo o Ostens\u00f3rio que continha a H\u00f3stia Consagrada mostrando para todo o povo a presen\u00e7a do Cristo no meio de n\u00f3s.<\/p>\n<p>Ap\u00f3s percorrer o caminho da Avenida Soares Lopes desde o Centro de Conven\u00e7\u00f5es, chegou a Catedral Diocesana de Ilh\u00e9us, Tivemos presen\u00e7a dos Padres que pertencem aos dois zonais Seminaristas e Di\u00e1conos e Fi\u00e9is das Par\u00f3quias\u00a0 dos Mesmos. Ao chegar a Catedral Diocesana \u00a0teve\u00a0 um momento de Adora\u00e7\u00e3o ao Sant\u00edssimo Sacramento. Dom Mauro em sua Homilia destacou a import\u00e2ncia da Presen\u00e7a do Corpo de Cristo em nosso meio em seguida\u00a0 com a Ben\u00e7\u00e3o do Sant\u00edssimo, foi feito o encerramento deste grande momento que reuniu os Zonais da nossa Diocese. O Evento contou com a transmiss\u00e3o da nosso mais novo meio de comunica\u00e7\u00e3o a Web R\u00e1dio Diocese de Ilh\u00e9us do site catolicosdeilheus.com<\/p>\n","protected":false},"excerpt":{"rendered":"<p>Milhares de Fies dos Zonais Centro Norte e Sul Ocuparam a Avenida Soares Lopes para Acompanharem a Presen\u00e7a do Corpo de Cristo em Nosso Meio Festa de Corpus Christi na Diocese de Ilh\u00e9us Caminhada da Festa de Corpus Christi, dos Zonais Centro Norte e Sul da Diocese de Ilh\u00e9us, re\u00fane milhares de pessoas na Avenida [&hellip;]<\/p>\n","protected":false},"author":2,"featured_media":0,"comment_status":"open","ping_status":"open","sticky":false,"template":"","format":"standard","meta":{"_links_to":"","_links_to_target":""},"categories":[14],"tags":[],"_links":{"self":[{"href":"https:\/\/www.r2cpress.com.br\/v1\/wp-json\/wp\/v2\/posts\/42718"}],"collection":[{"href":"https:\/\/www.r2cpress.com.br\/v1\/wp-json\/wp\/v2\/posts"}],"about":[{"href":"https:\/\/www.r2cpress.com.br\/v1\/wp-json\/wp\/v2\/types\/post"}],"author":[{"embeddable":true,"href":"https:\/\/www.r2cpress.com.br\/v1\/wp-json\/wp\/v2\/users\/2"}],"replies":[{"embeddable":true,"href":"https:\/\/www.r2cpress.com.br\/v1\/wp-json\/wp\/v2\/comments?post=42718"}],"version-history":[{"count":3,"href":"https:\/\/www.r2cpress.com.br\/v1\/wp-json\/wp\/v2\/posts\/42718\/revisions"}],"predecessor-version":[{"id":42722,"href":"https:\/\/www.r2cpress.com.br\/v1\/wp-json\/wp\/v2\/posts\/42718\/revisions\/42722"}],"wp:attachment":[{"href":"https:\/\/www.r2cpress.com.br\/v1\/wp-json\/wp\/v2\/media?parent=42718"}],"wp:term":[{"taxonomy":"category","embeddable":true,"href":"https:\/\/www.r2cpress.com.br\/v1\/wp-json\/wp\/v2\/categories?post=42718"},{"taxonomy":"post_tag","embeddable":true,"href":"https:\/\/www.r2cpress.com.br\/v1\/wp-json\/wp\/v2\/tags?post=42718"}],"curies":[{"name":"wp","href":"https:\/\/api.w.org\/{rel}","templated":true}]}}