{"id":42728,"date":"2012-06-08T12:32:42","date_gmt":"2012-06-08T15:32:42","guid":{"rendered":"http:\/\/www.r2cpress.com.br\/v1\/?p=42728"},"modified":"2012-06-08T16:54:41","modified_gmt":"2012-06-08T19:54:41","slug":"nas-maos-de-deus","status":"publish","type":"post","link":"https:\/\/www.r2cpress.com.br\/v1\/2012\/06\/08\/nas-maos-de-deus\/","title":{"rendered":"Ivone Rabat Geralle  nas M\u00c3OS de DEUS."},"content":{"rendered":"<p><center><a href=\"http:\/\/www.r2cpress.com.br\/v1\/wp-content\/uploads\/luto_rabat-geralle-chame.jpg\"><img loading=\"lazy\" src=\"http:\/\/www.r2cpress.com.br\/v1\/wp-content\/uploads\/luto_rabat-geralle-chame.jpg\" alt=\"\" title=\"luto_rabat geralle chame\" width=\"550\" height=\"86\" class=\"aligncenter size-full wp-image-42729\" srcset=\"https:\/\/www.r2cpress.com.br\/v1\/wp-content\/uploads\/luto_rabat-geralle-chame.jpg 550w, https:\/\/www.r2cpress.com.br\/v1\/wp-content\/uploads\/luto_rabat-geralle-chame-300x46.jpg 300w\" sizes=\"(max-width: 550px) 100vw, 550px\" \/><\/a><\/center><\/p>\n<p>&#8212;<br \/>\n<strong>Ol\u00e1,<br \/>\nPaz e Luz!.<br \/>\nO vel\u00f3rio est\u00e1 acontecendo no espa\u00e7o de Samuel, na rua do Caf\u00e9, pertinho do cemit\u00e9rio.<br \/>\nO sepultamento ser\u00e1 amanh\u00e3, s\u00e1bado, 10 horas, na Vit\u00f3ria.<br \/>\nGrato por tantas manifesta\u00e7\u00f5es.<br \/>\n\u00c9 muito legal ser querido.<br \/>\nValeu mesmo&#8230;<br \/>\nBj\u00e3o pra todos e fiquem com DEUS (Sempre!).<br \/>\nRabat &#038; Banda.<\/strong><\/p>\n","protected":false},"excerpt":{"rendered":"<p>&#8212; Ol\u00e1, Paz e Luz!. O vel\u00f3rio est\u00e1 acontecendo no espa\u00e7o de Samuel, na rua do Caf\u00e9, pertinho do cemit\u00e9rio. O sepultamento ser\u00e1 amanh\u00e3, s\u00e1bado, 10 horas, na Vit\u00f3ria. Grato por tantas manifesta\u00e7\u00f5es. \u00c9 muito legal ser querido. Valeu mesmo&#8230; Bj\u00e3o pra todos e fiquem com DEUS (Sempre!). Rabat &#038; Banda.<\/p>\n","protected":false},"author":2,"featured_media":0,"comment_status":"open","ping_status":"open","sticky":false,"template":"","format":"standard","meta":{"_links_to":"","_links_to_target":""},"categories":[21],"tags":[],"_links":{"self":[{"href":"https:\/\/www.r2cpress.com.br\/v1\/wp-json\/wp\/v2\/posts\/42728"}],"collection":[{"href":"https:\/\/www.r2cpress.com.br\/v1\/wp-json\/wp\/v2\/posts"}],"about":[{"href":"https:\/\/www.r2cpress.com.br\/v1\/wp-json\/wp\/v2\/types\/post"}],"author":[{"embeddable":true,"href":"https:\/\/www.r2cpress.com.br\/v1\/wp-json\/wp\/v2\/users\/2"}],"replies":[{"embeddable":true,"href":"https:\/\/www.r2cpress.com.br\/v1\/wp-json\/wp\/v2\/comments?post=42728"}],"version-history":[{"count":6,"href":"https:\/\/www.r2cpress.com.br\/v1\/wp-json\/wp\/v2\/posts\/42728\/revisions"}],"predecessor-version":[{"id":42735,"href":"https:\/\/www.r2cpress.com.br\/v1\/wp-json\/wp\/v2\/posts\/42728\/revisions\/42735"}],"wp:attachment":[{"href":"https:\/\/www.r2cpress.com.br\/v1\/wp-json\/wp\/v2\/media?parent=42728"}],"wp:term":[{"taxonomy":"category","embeddable":true,"href":"https:\/\/www.r2cpress.com.br\/v1\/wp-json\/wp\/v2\/categories?post=42728"},{"taxonomy":"post_tag","embeddable":true,"href":"https:\/\/www.r2cpress.com.br\/v1\/wp-json\/wp\/v2\/tags?post=42728"}],"curies":[{"name":"wp","href":"https:\/\/api.w.org\/{rel}","templated":true}]}}