{"id":43403,"date":"2012-06-18T12:52:47","date_gmt":"2012-06-18T15:52:47","guid":{"rendered":"http:\/\/www.r2cpress.com.br\/v1\/?p=43403"},"modified":"2012-06-18T12:52:47","modified_gmt":"2012-06-18T15:52:47","slug":"azevedo-oficializa-candidatura-com-apoio-do-pmdb-psdb-ptc-psdc-prtbpsl-pmn-e-ptn","status":"publish","type":"post","link":"https:\/\/www.r2cpress.com.br\/v1\/2012\/06\/18\/azevedo-oficializa-candidatura-com-apoio-do-pmdb-psdb-ptc-psdc-prtbpsl-pmn-e-ptn\/","title":{"rendered":"Azevedo oficializa candidatura com apoio  do PMDB, PSDB, PTC, PSDC, PRTB,PSL, PMN e PTN"},"content":{"rendered":"<p>O prefeito de Itabuna, Jos\u00e9 Nilton Azevedo (DEM), dar\u00e1 in\u00edcio oficialmente nesta quinta-feira (21) \u00e0 caminhada para renovar seu mandato no executivo municipal. A conven\u00e7\u00e3o do Partido Democratas, juntamente outras legendas, ser\u00e1 realizada na sede da Uni\u00e3o dos Servidores Municipais de Itabuna (Usemi), com in\u00edcio dos trabalhos internos dos partidos \u00e0s 9 horas e instala\u00e7\u00e3o da mesa solene \u00e0s 15 horas.<\/p>\n<p>A conven\u00e7\u00e3o contar\u00e1 com a presen\u00e7a de algumas das principais lideran\u00e7as dos partidos aliados, a exemplo do diretor de Pessoa Jur\u00eddica da Caixa Econ\u00f4mica Federal, Geddel Vieira Lima, dos deputados federais ACM Neto (DEM) e L\u00facio Vieira Lima (PMDB), dos deputados estaduais Pedro Tavares (PSL), Augusto Castro (PSDB) e Deraldo Damasceno (PSL), do senador Jos\u00e9 Agripino Maia, presidente nacional do DEM, do ex-governador Paulo Souto e do ex-deputado Jos\u00e9 Carlos Aleluia, entre outros.<\/p>\n<p>Al\u00e9m do DEM, o PMDB, PRTB, PSL, PTC, PSDC e PMN tamb\u00e9m realizam no mesmo evento as suas conven\u00e7\u00f5es. \u00a0\u201cAs for\u00e7as que v\u00e3o se unir em torno do projeto da reelei\u00e7\u00e3o de Azevedo representam, juntas, o que h\u00e1 de mais expressivo no cen\u00e1rio pol\u00edtico\u201d, afirma a presidente do diret\u00f3rio municipal do DEM, Maria Alice Pereira.<\/p>\n<p>Azevedo acredita que a alian\u00e7a que se forma em torno do projeto da reelei\u00e7\u00e3o, que pode reunir mais de dez partidos, significa um reconhecimento do trabalho que tem sido feito em seu governo, principalmente com as obras de infraestrutura nos bairros perif\u00e9ricos.<\/p>\n<p>\u201cItabuna se transformou em um canteiro de obras, que est\u00e3o sendo realizadas porque o governo tem bons projetos e credibilidade para captar recursos\u201d, salienta o prefeito, observando que esse perfil influencia na constru\u00e7\u00e3o de um frente ampla de partidos.<\/p>\n<p>Azevedo lembra que a alian\u00e7a tem a participa\u00e7\u00e3o de partidos da base de apoio do Governo Federal, a exemplo do PMDB, legenda do vice-presidente da Rep\u00fablica, Michel Temer. \u201cIsso garante que Itabuna continuar\u00e1 sendo tratada com destaque pelo governo federal, com apoio a projetos que garantam o nosso desenvolvimento e melhoria da qualidade de vida da popula\u00e7\u00e3o\u201d.<\/p>\n<p>O presidente da comiss\u00e3o provis\u00f3ria do PMDB em Itabuna, o m\u00e9dico e ex-deputado Renato Costa, que ser\u00e1 o candidato a vice-prefeito na majorit\u00e1ria, afirma que a decis\u00e3o do partido de apoiar a reelei\u00e7\u00e3o teve muito a ver com o perfil de Azevedo. \u201cApoiamos Azevedo pelo homem que ele \u00e9, uma pessoa de bem, que a gente admira\u201d, declarou o peemedebista.<\/p>\n","protected":false},"excerpt":{"rendered":"<p>O prefeito de Itabuna, Jos\u00e9 Nilton Azevedo (DEM), dar\u00e1 in\u00edcio oficialmente nesta quinta-feira (21) \u00e0 caminhada para renovar seu mandato no executivo municipal. A conven\u00e7\u00e3o do Partido Democratas, juntamente outras legendas, ser\u00e1 realizada na sede da Uni\u00e3o dos Servidores Municipais de Itabuna (Usemi), com in\u00edcio dos trabalhos internos dos partidos \u00e0s 9 horas e instala\u00e7\u00e3o [&hellip;]<\/p>\n","protected":false},"author":2,"featured_media":0,"comment_status":"open","ping_status":"open","sticky":false,"template":"","format":"standard","meta":{"_links_to":"","_links_to_target":""},"categories":[15],"tags":[],"_links":{"self":[{"href":"https:\/\/www.r2cpress.com.br\/v1\/wp-json\/wp\/v2\/posts\/43403"}],"collection":[{"href":"https:\/\/www.r2cpress.com.br\/v1\/wp-json\/wp\/v2\/posts"}],"about":[{"href":"https:\/\/www.r2cpress.com.br\/v1\/wp-json\/wp\/v2\/types\/post"}],"author":[{"embeddable":true,"href":"https:\/\/www.r2cpress.com.br\/v1\/wp-json\/wp\/v2\/users\/2"}],"replies":[{"embeddable":true,"href":"https:\/\/www.r2cpress.com.br\/v1\/wp-json\/wp\/v2\/comments?post=43403"}],"version-history":[{"count":2,"href":"https:\/\/www.r2cpress.com.br\/v1\/wp-json\/wp\/v2\/posts\/43403\/revisions"}],"predecessor-version":[{"id":43405,"href":"https:\/\/www.r2cpress.com.br\/v1\/wp-json\/wp\/v2\/posts\/43403\/revisions\/43405"}],"wp:attachment":[{"href":"https:\/\/www.r2cpress.com.br\/v1\/wp-json\/wp\/v2\/media?parent=43403"}],"wp:term":[{"taxonomy":"category","embeddable":true,"href":"https:\/\/www.r2cpress.com.br\/v1\/wp-json\/wp\/v2\/categories?post=43403"},{"taxonomy":"post_tag","embeddable":true,"href":"https:\/\/www.r2cpress.com.br\/v1\/wp-json\/wp\/v2\/tags?post=43403"}],"curies":[{"name":"wp","href":"https:\/\/api.w.org\/{rel}","templated":true}]}}