{"id":43433,"date":"2012-06-18T21:43:59","date_gmt":"2012-06-19T00:43:59","guid":{"rendered":"http:\/\/www.r2cpress.com.br\/v1\/?p=43433"},"modified":"2012-06-18T21:43:59","modified_gmt":"2012-06-19T00:43:59","slug":"mapa-plano-de-saude-negado-mais-uma-vez","status":"publish","type":"post","link":"https:\/\/www.r2cpress.com.br\/v1\/2012\/06\/18\/mapa-plano-de-saude-negado-mais-uma-vez\/","title":{"rendered":"MAPA- PLANO DE SA\u00daDE &#8211; NEGADO MAIS UMA VEZ"},"content":{"rendered":"<p>COMUNICADO N\u00ba. 023\/2012<br \/>\nSalvador, 18 de junho de 2012.<br \/>\nASSUNTO: Desconto do Plano de Sa\u00fade\/Antecipa\u00e7\u00e3o de Tutela (anexa).<\/p>\n<p>Colega Fiscal.<br \/>\nO Juiz Federal da 20\u00aa Vara\/DF, Alexandre Vidigal de Oliveira, deferiu o pedido de antecipa\u00e7\u00e3o de tutela para que o Minist\u00e9rio da Agricultura se abstenha de cobrar qualquer d\u00e9bito referente ao Plano de Sa\u00fade do MAPA do per\u00edodo de 1995 a 2002, na forma pretendida no Of\u00edcio n\u00ba 1094\/CGAP\/SPOA\/SE\/MAPA e no Ac\u00f3rd\u00e3o TCU n\u00ba 2.656, bem como sejam restitu\u00eddos os valores eventualmente descontados.<br \/>\nRessalta-se, ainda, que o teor do aludido of\u00edcio n\u00e3o tem o cond\u00e3o de estabelecer a ampla defesa, muito menos o contradit\u00f3rio m\u00ednimo, eis que tal documento j\u00e1 determinara o desconto das parcelas em folha de pagamento.<br \/>\nCom base na decis\u00e3o, a ANFFA Sindical ajuizou a\u00e7\u00e3o (25658-26.2012.4.01.3400) solicitando que a Uni\u00e3o se abstenha de cobrar qualquer d\u00e9bito referente ao Plano de Sa\u00fade do MAPA do per\u00edodo de 1995 a 2002, na forma pretendida no Of\u00edcio n\u00ba 1094\/CGAP\/SPOA\/SE\/MAPA e no Ac\u00f3rd\u00e3o TCU n\u00ba 2.656, bem como sejam restitu\u00eddos os valores eventualmente descontados.<br \/>\nNa a\u00e7\u00e3o, a ANFFA Sindical alega que seus filiados t\u00eam recebido avisos de notifica\u00e7\u00e3o de d\u00e9bito referentes a parcelas de contribui\u00e7\u00e3o de plano de sa\u00fade que n\u00e3o foram lan\u00e7adas, ou lan\u00e7adas a menor referente ao per\u00edodo de 1995 a 2002.<br \/>\nSegundo o Minist\u00e9rio da Agricultura, a falta de lan\u00e7amento ou lan\u00e7amento a menor das parcelas do Plano de Sa\u00fade do Mapa decorreu de um erro do sistema utilizado no per\u00edodo de 1995 a 2002, o que denota a boa f\u00e9 dos substitu\u00eddos do Autor.<br \/>\n\u201cO exerc\u00edcio do poder de autotutela que possui a Administra\u00e7\u00e3o P\u00fablica para rever seus atos deve ser conjugado com o pressuposto de que, para a anula\u00e7\u00e3o do ato administrativo que tenha repercutido no campo de interesses individuais do servidor p\u00fablico, \u00e9 necess\u00e1ria a instaura\u00e7\u00e3o do devido processo legal\u201d, destaca a pe\u00e7a jur\u00eddica.<br \/>\n<strong>DELEGACIA SINDICAL NA BAHIA<\/strong><\/p>\n","protected":false},"excerpt":{"rendered":"<p>COMUNICADO N\u00ba. 023\/2012 Salvador, 18 de junho de 2012. ASSUNTO: Desconto do Plano de Sa\u00fade\/Antecipa\u00e7\u00e3o de Tutela (anexa). Colega Fiscal. O Juiz Federal da 20\u00aa Vara\/DF, Alexandre Vidigal de Oliveira, deferiu o pedido de antecipa\u00e7\u00e3o de tutela para que o Minist\u00e9rio da Agricultura se abstenha de cobrar qualquer d\u00e9bito referente ao Plano de Sa\u00fade do [&hellip;]<\/p>\n","protected":false},"author":2,"featured_media":0,"comment_status":"open","ping_status":"open","sticky":false,"template":"","format":"standard","meta":{"_links_to":"","_links_to_target":""},"categories":[24],"tags":[],"_links":{"self":[{"href":"https:\/\/www.r2cpress.com.br\/v1\/wp-json\/wp\/v2\/posts\/43433"}],"collection":[{"href":"https:\/\/www.r2cpress.com.br\/v1\/wp-json\/wp\/v2\/posts"}],"about":[{"href":"https:\/\/www.r2cpress.com.br\/v1\/wp-json\/wp\/v2\/types\/post"}],"author":[{"embeddable":true,"href":"https:\/\/www.r2cpress.com.br\/v1\/wp-json\/wp\/v2\/users\/2"}],"replies":[{"embeddable":true,"href":"https:\/\/www.r2cpress.com.br\/v1\/wp-json\/wp\/v2\/comments?post=43433"}],"version-history":[{"count":3,"href":"https:\/\/www.r2cpress.com.br\/v1\/wp-json\/wp\/v2\/posts\/43433\/revisions"}],"predecessor-version":[{"id":43436,"href":"https:\/\/www.r2cpress.com.br\/v1\/wp-json\/wp\/v2\/posts\/43433\/revisions\/43436"}],"wp:attachment":[{"href":"https:\/\/www.r2cpress.com.br\/v1\/wp-json\/wp\/v2\/media?parent=43433"}],"wp:term":[{"taxonomy":"category","embeddable":true,"href":"https:\/\/www.r2cpress.com.br\/v1\/wp-json\/wp\/v2\/categories?post=43433"},{"taxonomy":"post_tag","embeddable":true,"href":"https:\/\/www.r2cpress.com.br\/v1\/wp-json\/wp\/v2\/tags?post=43433"}],"curies":[{"name":"wp","href":"https:\/\/api.w.org\/{rel}","templated":true}]}}