{"id":43441,"date":"2012-06-19T12:16:15","date_gmt":"2012-06-19T15:16:15","guid":{"rendered":"http:\/\/www.r2cpress.com.br\/v1\/?p=43441"},"modified":"2012-06-19T12:16:15","modified_gmt":"2012-06-19T15:16:15","slug":"lancamento-de-historias-dispersas-de-adonias-filho-em-itajuipe-2","status":"publish","type":"post","link":"https:\/\/www.r2cpress.com.br\/v1\/2012\/06\/19\/lancamento-de-historias-dispersas-de-adonias-filho-em-itajuipe-2\/","title":{"rendered":"Lan\u00e7amento de \u201cHist\u00f3rias Dispersas de Adonias Filho\u201d em Itaju\u00edpe"},"content":{"rendered":"<p><div id=\"attachment_43442\" style=\"width: 310px\" class=\"wp-caption alignright\"><a href=\"http:\/\/www.r2cpress.com.br\/v1\/wp-content\/uploads\/cyro_itahjuipe.jpg\"><img aria-describedby=\"caption-attachment-43442\" loading=\"lazy\" src=\"http:\/\/www.r2cpress.com.br\/v1\/wp-content\/uploads\/cyro_itahjuipe-300x217.jpg\" alt=\"\" title=\"cyro_itahjuipe\" width=\"300\" height=\"217\" class=\"size-medium wp-image-43442\" srcset=\"https:\/\/www.r2cpress.com.br\/v1\/wp-content\/uploads\/cyro_itahjuipe-300x217.jpg 300w, https:\/\/www.r2cpress.com.br\/v1\/wp-content\/uploads\/cyro_itahjuipe.jpg 680w\" sizes=\"(max-width: 300px) 100vw, 300px\" \/><\/a><p id=\"caption-attachment-43442\" class=\"wp-caption-text\">Clique para AMPLIAR<\/p><\/div>A colet\u00e2nea \u201cHist\u00f3rias Dispersas de Adonias Filho\u201d, com pref\u00e1cio, organiza\u00e7\u00e3o e notas de Cyro de Mattos, teve lan\u00e7amento  na Sede do Memorial Adonias Filho, em Itaju\u00edpe, no dia 08 de junho de 2012, \u00e0s 19 horas. Compareceram ao evento a professora Silmara Oliveira, diretora do Memorial, It\u00e1lia Santos Castro,  secret\u00e1ria de Educa\u00e7\u00e3o, os professores  Jo\u00e3o Cl\u00edmaco do  Vale, Maria da Luz e M\u00e1rcia Lima. o  presidente da Associa\u00e7\u00e3o dos Filhos e Amigos de Itaju\u00edpe, Jos\u00e9 Alberto Gomes, Neyde Adri, presidenta do Centro Esp\u00edrita A Caminho da Luz, a ex-prefeita Gilka Badar\u00f3, Mariza Mattos, esposa do autor, a Defensora P\u00fablica Josefina Mattos, o agente  cultural Leo Junquilho, o m\u00e9dico Jonga Lucas  e outras pessoas da sociedade local.<\/p>\n<p>\u201cHist\u00f3rias Dispersas de Adonias Filho\u201d \u00e9 uma publica\u00e7\u00e3o da Editora da Universidade Estadual de Santa Cruz, com ilustra\u00e7\u00f5es bel\u00edssimas do desenhista \u00c2ngelo Roberto, nascido em Ibicara\u00ed,  e o projeto gr\u00e1fico \u00e9 de George Pellegrini. Nessa obra,  o escritor Adonias Filho transmite sua paix\u00e3o por uma humanidade feita de verdades fundamentais atrav\u00e9s da vis\u00e3o dram\u00e1tica, l\u00edrica e amorosa, que palpita em seus protagonistas, vivendo as a\u00e7\u00f5es das narrativas \u201cO Brabo e Sua \u00cdndia\u201d, \u201cA Li\u00e7\u00e3o\u201d, \u201cA Volta\u201d, \u201cNosso Bispo\u201d e \u201cAmor no Catete\u201d.  O livro apresenta ainda o estudo \u201cExperi\u00eancia de um romancista\u201d, do Professor Em\u00e9rito   Doutor Fred Elisson, da Universidade do Texas, com tradu\u00e7\u00e3o de Luiz Ang\u00e9lico, Professor Em\u00e9rito da Universidade Federal da Bahia, e um valiosa pesquisa etnogr\u00e1fica mostrando momentos importantes da vida do consagrado escritor. <\/p>\n","protected":false},"excerpt":{"rendered":"<p>A colet\u00e2nea \u201cHist\u00f3rias Dispersas de Adonias Filho\u201d, com pref\u00e1cio, organiza\u00e7\u00e3o e notas de Cyro de Mattos, teve lan\u00e7amento na Sede do Memorial Adonias Filho, em Itaju\u00edpe, no dia 08 de junho de 2012, \u00e0s 19 horas. Compareceram ao evento a professora Silmara Oliveira, diretora do Memorial, It\u00e1lia Santos Castro, secret\u00e1ria de Educa\u00e7\u00e3o, os professores Jo\u00e3o [&hellip;]<\/p>\n","protected":false},"author":2,"featured_media":0,"comment_status":"open","ping_status":"open","sticky":false,"template":"","format":"standard","meta":{"_links_to":"","_links_to_target":""},"categories":[5],"tags":[],"_links":{"self":[{"href":"https:\/\/www.r2cpress.com.br\/v1\/wp-json\/wp\/v2\/posts\/43441"}],"collection":[{"href":"https:\/\/www.r2cpress.com.br\/v1\/wp-json\/wp\/v2\/posts"}],"about":[{"href":"https:\/\/www.r2cpress.com.br\/v1\/wp-json\/wp\/v2\/types\/post"}],"author":[{"embeddable":true,"href":"https:\/\/www.r2cpress.com.br\/v1\/wp-json\/wp\/v2\/users\/2"}],"replies":[{"embeddable":true,"href":"https:\/\/www.r2cpress.com.br\/v1\/wp-json\/wp\/v2\/comments?post=43441"}],"version-history":[{"count":2,"href":"https:\/\/www.r2cpress.com.br\/v1\/wp-json\/wp\/v2\/posts\/43441\/revisions"}],"predecessor-version":[{"id":43444,"href":"https:\/\/www.r2cpress.com.br\/v1\/wp-json\/wp\/v2\/posts\/43441\/revisions\/43444"}],"wp:attachment":[{"href":"https:\/\/www.r2cpress.com.br\/v1\/wp-json\/wp\/v2\/media?parent=43441"}],"wp:term":[{"taxonomy":"category","embeddable":true,"href":"https:\/\/www.r2cpress.com.br\/v1\/wp-json\/wp\/v2\/categories?post=43441"},{"taxonomy":"post_tag","embeddable":true,"href":"https:\/\/www.r2cpress.com.br\/v1\/wp-json\/wp\/v2\/tags?post=43441"}],"curies":[{"name":"wp","href":"https:\/\/api.w.org\/{rel}","templated":true}]}}