{"id":43456,"date":"2012-06-19T12:36:43","date_gmt":"2012-06-19T15:36:43","guid":{"rendered":"http:\/\/www.r2cpress.com.br\/v1\/?p=43456"},"modified":"2012-06-19T12:36:43","modified_gmt":"2012-06-19T15:36:43","slug":"lancamento-do-livro-direito-da-execucao-penal-do-professor-jose-ricardo-chagas","status":"publish","type":"post","link":"https:\/\/www.r2cpress.com.br\/v1\/2012\/06\/19\/lancamento-do-livro-direito-da-execucao-penal-do-professor-jose-ricardo-chagas\/","title":{"rendered":"Lan\u00e7amento do livro DIREITO DA EXECU\u00c7\u00c3O PENAL do Professor Jos\u00e9 Ricardo Chagas"},"content":{"rendered":"<p>Contando com a presen\u00e7a de amigos, familiares, autoridades, professores e advogados, fora lan\u00e7ado na \u00faltima sexta feira 15, na academia de Letras de Ilh\u00e9us, o livro DIREITO DA EXECU\u00c7\u00c3O PENAL: NOVA INTERPRETA\u00c7\u00c3O E NOVOS COMENT\u00c1RIOS \u00c0 LEI 7.210, do Professor de Direito Jos\u00e9 Ricardo Chagas, o qual vem a p\u00fablico agradecer a presen\u00e7a dos convidados e informar que o livro se encontra \u00e0 venda nacionalmente nas melhores livrarias do ramo.<br \/>\n<center><a href=\"http:\/\/www.r2cpress.com.br\/v1\/wp-content\/uploads\/MONT-CAPA-SITE-06-F.jpg\"><img loading=\"lazy\" src=\"http:\/\/www.r2cpress.com.br\/v1\/wp-content\/uploads\/MONT-CAPA-SITE-06-F.jpg\" alt=\"\" title=\"MONT CAPA SITE 06 F\" width=\"550\" height=\"618\" class=\"aligncenter size-full wp-image-43457\" srcset=\"https:\/\/www.r2cpress.com.br\/v1\/wp-content\/uploads\/MONT-CAPA-SITE-06-F.jpg 550w, https:\/\/www.r2cpress.com.br\/v1\/wp-content\/uploads\/MONT-CAPA-SITE-06-F-266x300.jpg 266w\" sizes=\"(max-width: 550px) 100vw, 550px\" \/><\/a><\/center><br \/>\nEm nossa regi\u00e3o a obra pode ser adquirida em Ilh\u00e9us na Livraria Papirus e na Livraria A Nacional; em Itabuna no Shopping Jequitib\u00e1, na Livraria Nobel.<br \/>\nPode tamb\u00e9m ser adquirido via internet, no endere\u00e7o eletr\u00f4nico:<br \/>\nhttp:\/\/vleditora.com.br\/livrodetalhes-livroID_86.html ou em www.quiosquecultural.com.br<\/p>\n","protected":false},"excerpt":{"rendered":"<p>Contando com a presen\u00e7a de amigos, familiares, autoridades, professores e advogados, fora lan\u00e7ado na \u00faltima sexta feira 15, na academia de Letras de Ilh\u00e9us, o livro DIREITO DA EXECU\u00c7\u00c3O PENAL: NOVA INTERPRETA\u00c7\u00c3O E NOVOS COMENT\u00c1RIOS \u00c0 LEI 7.210, do Professor de Direito Jos\u00e9 Ricardo Chagas, o qual vem a p\u00fablico agradecer a presen\u00e7a dos convidados [&hellip;]<\/p>\n","protected":false},"author":2,"featured_media":0,"comment_status":"open","ping_status":"open","sticky":false,"template":"","format":"standard","meta":{"_links_to":"","_links_to_target":""},"categories":[5],"tags":[],"_links":{"self":[{"href":"https:\/\/www.r2cpress.com.br\/v1\/wp-json\/wp\/v2\/posts\/43456"}],"collection":[{"href":"https:\/\/www.r2cpress.com.br\/v1\/wp-json\/wp\/v2\/posts"}],"about":[{"href":"https:\/\/www.r2cpress.com.br\/v1\/wp-json\/wp\/v2\/types\/post"}],"author":[{"embeddable":true,"href":"https:\/\/www.r2cpress.com.br\/v1\/wp-json\/wp\/v2\/users\/2"}],"replies":[{"embeddable":true,"href":"https:\/\/www.r2cpress.com.br\/v1\/wp-json\/wp\/v2\/comments?post=43456"}],"version-history":[{"count":2,"href":"https:\/\/www.r2cpress.com.br\/v1\/wp-json\/wp\/v2\/posts\/43456\/revisions"}],"predecessor-version":[{"id":43459,"href":"https:\/\/www.r2cpress.com.br\/v1\/wp-json\/wp\/v2\/posts\/43456\/revisions\/43459"}],"wp:attachment":[{"href":"https:\/\/www.r2cpress.com.br\/v1\/wp-json\/wp\/v2\/media?parent=43456"}],"wp:term":[{"taxonomy":"category","embeddable":true,"href":"https:\/\/www.r2cpress.com.br\/v1\/wp-json\/wp\/v2\/categories?post=43456"},{"taxonomy":"post_tag","embeddable":true,"href":"https:\/\/www.r2cpress.com.br\/v1\/wp-json\/wp\/v2\/tags?post=43456"}],"curies":[{"name":"wp","href":"https:\/\/api.w.org\/{rel}","templated":true}]}}