{"id":43715,"date":"2012-06-23T10:48:57","date_gmt":"2012-06-23T13:48:57","guid":{"rendered":"http:\/\/www.r2cpress.com.br\/v1\/?p=43715"},"modified":"2012-06-23T10:49:07","modified_gmt":"2012-06-23T13:49:07","slug":"mosaico-baiano-de-hoje-tera-materias-especiais-em-ilheus","status":"publish","type":"post","link":"https:\/\/www.r2cpress.com.br\/v1\/2012\/06\/23\/mosaico-baiano-de-hoje-tera-materias-especiais-em-ilheus\/","title":{"rendered":"Mosaico Baiano de hoje ter\u00e1 mat\u00e9rias especiais em Ilh\u00e9us"},"content":{"rendered":"<p>Durante o dia 14 de junho, dia do lan\u00e7amento de &#8220;Gabriela&#8221;, a equipe do Mosaico Baiano com o apresentador \u00a0Alessandro Timb\u00f3, coordena\u00e7\u00e3o de Produ\u00e7\u00e3o de Liv Castro e Dire\u00e7\u00e3o de F\u00e1bio Vaz, \u00a0fez uma s\u00e9rie de grava\u00e7\u00f5es em Ilh\u00e9us para o programa que ser\u00e1 exibido amanh\u00e3, 23 de junho, num &#8220;Especial de S\u00e3o Jo\u00e3o&#8221;.<\/p>\n<p><img loading=\"lazy\" src=\"http:\/\/www.culturailheus.com.br\/images\/stories\/mosaico%202.jpg\" alt=\"alt\" width=\"539\" height=\"715\" \/><\/p>\n<p>&nbsp;<\/p>\n<p>Al\u00e9m das bandas <em>Lord\u00e3o <\/em>e <em>Xote Apimentado<\/em>, que fizeram uma apresenta\u00e7\u00e3o especial para o programa na Pra\u00e7a Dom Eduardo, a \u00a0fam\u00edlia Amado, presente em Ilh\u00e9us atrav\u00e9s de seus netos e bisnetos participou da grava\u00e7\u00e3o do programa num animado bate-papo na Casa de Jorge Amado.<\/p>\n<p><img loading=\"lazy\" src=\"http:\/\/www.culturailheus.com.br\/images\/stories\/famlia%201.jpg\" alt=\"alt\" width=\"540\" height=\"382\" \/><\/p>\n<p>O Mosaico Baiano especial com foco em Ilh\u00e9us vai ao ar logo ap\u00f3s o Jornal Hoje. Se voc\u00ea \u00e9 ilheense de nascimento ou de cora\u00e7\u00e3o&#8230; n\u00e3o perca!<\/p>\n<p>Fotos: Acervo de Maria Jo\u00e3o Amado.<\/p>\n","protected":false},"excerpt":{"rendered":"<p>Durante o dia 14 de junho, dia do lan\u00e7amento de &#8220;Gabriela&#8221;, a equipe do Mosaico Baiano com o apresentador \u00a0Alessandro Timb\u00f3, coordena\u00e7\u00e3o de Produ\u00e7\u00e3o de Liv Castro e Dire\u00e7\u00e3o de F\u00e1bio Vaz, \u00a0fez uma s\u00e9rie de grava\u00e7\u00f5es em Ilh\u00e9us para o programa que ser\u00e1 exibido amanh\u00e3, 23 de junho, num &#8220;Especial de S\u00e3o Jo\u00e3o&#8221;. &nbsp; [&hellip;]<\/p>\n","protected":false},"author":2,"featured_media":0,"comment_status":"open","ping_status":"open","sticky":false,"template":"","format":"standard","meta":{"_links_to":"","_links_to_target":""},"categories":[5],"tags":[],"_links":{"self":[{"href":"https:\/\/www.r2cpress.com.br\/v1\/wp-json\/wp\/v2\/posts\/43715"}],"collection":[{"href":"https:\/\/www.r2cpress.com.br\/v1\/wp-json\/wp\/v2\/posts"}],"about":[{"href":"https:\/\/www.r2cpress.com.br\/v1\/wp-json\/wp\/v2\/types\/post"}],"author":[{"embeddable":true,"href":"https:\/\/www.r2cpress.com.br\/v1\/wp-json\/wp\/v2\/users\/2"}],"replies":[{"embeddable":true,"href":"https:\/\/www.r2cpress.com.br\/v1\/wp-json\/wp\/v2\/comments?post=43715"}],"version-history":[{"count":5,"href":"https:\/\/www.r2cpress.com.br\/v1\/wp-json\/wp\/v2\/posts\/43715\/revisions"}],"predecessor-version":[{"id":43720,"href":"https:\/\/www.r2cpress.com.br\/v1\/wp-json\/wp\/v2\/posts\/43715\/revisions\/43720"}],"wp:attachment":[{"href":"https:\/\/www.r2cpress.com.br\/v1\/wp-json\/wp\/v2\/media?parent=43715"}],"wp:term":[{"taxonomy":"category","embeddable":true,"href":"https:\/\/www.r2cpress.com.br\/v1\/wp-json\/wp\/v2\/categories?post=43715"},{"taxonomy":"post_tag","embeddable":true,"href":"https:\/\/www.r2cpress.com.br\/v1\/wp-json\/wp\/v2\/tags?post=43715"}],"curies":[{"name":"wp","href":"https:\/\/api.w.org\/{rel}","templated":true}]}}