{"id":43733,"date":"2012-06-23T12:17:16","date_gmt":"2012-06-23T15:17:16","guid":{"rendered":"http:\/\/www.r2cpress.com.br\/v1\/?p=43733"},"modified":"2012-06-23T12:17:16","modified_gmt":"2012-06-23T15:17:16","slug":"apreensao-de-veiculo-que-transportava-madeira-ilegal-em-una-e-regiao","status":"publish","type":"post","link":"https:\/\/www.r2cpress.com.br\/v1\/2012\/06\/23\/apreensao-de-veiculo-que-transportava-madeira-ilegal-em-una-e-regiao\/","title":{"rendered":"APREENS\u00c3O DE VE\u00cdCULO QUE TRANSPORTAVA MADEIRA ILEGAL EM UNA E REGI\u00c3O"},"content":{"rendered":"<div id=\"attachment_43734\" style=\"width: 295px\" class=\"wp-caption alignleft\"><a href=\"http:\/\/www.r2cpress.com.br\/v1\/wp-content\/uploads\/MADEIRA-ILEGAL-mont.jpg\"><img aria-describedby=\"caption-attachment-43734\" loading=\"lazy\" class=\"size-medium wp-image-43734\" title=\"MADEIRA ILEGAL mont\" src=\"http:\/\/www.r2cpress.com.br\/v1\/wp-content\/uploads\/MADEIRA-ILEGAL-mont-285x300.jpg\" alt=\"\" width=\"285\" height=\"300\" srcset=\"https:\/\/www.r2cpress.com.br\/v1\/wp-content\/uploads\/MADEIRA-ILEGAL-mont-285x300.jpg 285w, https:\/\/www.r2cpress.com.br\/v1\/wp-content\/uploads\/MADEIRA-ILEGAL-mont.jpg 656w\" sizes=\"(max-width: 285px) 100vw, 285px\" \/><\/a><p id=\"caption-attachment-43734\" class=\"wp-caption-text\">Clique para AMPLIAR.<\/p><\/div>\n<p><span style=\"font-size: small;\">No dia 22\/06\/2012, sob determina\u00e7\u00e3o da Dr\u00aa Marcia Cristina Rezende, Delegada de Pol\u00edcia, uma equipe da Delegacia de Prote\u00e7\u00e3o Ambiental \u2013 DPA (Ilh\u00e9us\/BA), deslocou at\u00e9 a zona rural entre os Munic\u00edpios de Una e Santa Luzia para coibir o corte e o transporte de madeira da mata atl\u00e2ntica. <\/span><\/p>\n<p><span style=\"font-size: small;\">Por volta das 17:00 horas, foi encontrado um caminh\u00e3o amarelo, JOE 6865, GM\/Chevrolet D60, conduzido por Rodrigo Santana Reis, carregado de madeira, o qual estava saindo da regi\u00e3o de Len\u00e7ois, distrito de Una e deslocando at\u00e9 o Munic\u00edpio de Santa Luzia.<\/span><\/p>\n<p><span style=\"font-size: small;\">O motorista informou que a carga de madeira pertence a uma pessoa conhecida por Mario e\/ou Marinho, em Santa Luzia e s\u00e3o das esp\u00e9cies Vinh\u00e1tico, Massaranduba, Jequitiba, entre outras.<\/span><\/p>\n<p><span style=\"font-size: small;\">Segundo investiga\u00e7\u00f5es, as madeiras est\u00e3o saindo da zona rual dos munic\u00edpios de Una, \u00a0Santa Luzia, Canavieiras e Mascote, em caminh\u00f5es velhos e em poucas cargas para evitar um preju\u00edzo maior se forem apreendidos. Logo em seguida, s\u00e3o beneficiadas e transportadas ilegalmente para os Estados de S\u00e3o Paulo, Rio de Janeiro e Minas Gerais em cargas misturadas com madeiras legalizadas e\/ou misturadas em outras cargas, como coco, pia\u00e7ava, esterco, etc&#8230;.dificultando a fiscaliza\u00e7\u00e3o. <\/span><\/p>\n<p><span style=\"font-size: small;\">A fiscaliza\u00e7\u00e3o nessa regi\u00e3o \u00e9 bastante complicada por causa da quantidade de estradas vicinais e a proximidade com a BR 101, al\u00e9m disso, a \u00e1rea \u00e9 muito grande e pobre, o que facilita a contrata\u00e7\u00e3o de m\u00e3o de obra barata e evita as den\u00fancias aos \u00f3rg\u00e3os de fiscaliza\u00e7\u00e3o ambiental.<\/span><\/p>\n<p><span style=\"font-size: small;\">Denuncias e informa\u00e7\u00f5es sobre crimes ambientais podem ser feitas atrav\u00e9s do telefone (73) 3234-8147, <a href=\"mailto:dpailheus@hotmail.com\" target=\"_blank\">dpailheus@hotmail.com<\/a> ou na Delegacia, loclaizada na Rua Rotary, 261, Cidade Nova, Ilh\u00e9us\/BA. <\/span><\/p>\n<p><span style=\"font-size: small;\">ASCOM \u2013 DPA (Ilh\u00e9us \u2013 Bahia)<\/span><\/p>\n","protected":false},"excerpt":{"rendered":"<p>No dia 22\/06\/2012, sob determina\u00e7\u00e3o da Dr\u00aa Marcia Cristina Rezende, Delegada de Pol\u00edcia, uma equipe da Delegacia de Prote\u00e7\u00e3o Ambiental \u2013 DPA (Ilh\u00e9us\/BA), deslocou at\u00e9 a zona rural entre os Munic\u00edpios de Una e Santa Luzia para coibir o corte e o transporte de madeira da mata atl\u00e2ntica. Por volta das 17:00 horas, foi encontrado [&hellip;]<\/p>\n","protected":false},"author":2,"featured_media":0,"comment_status":"open","ping_status":"open","sticky":false,"template":"","format":"standard","meta":{"_links_to":"","_links_to_target":""},"categories":[25],"tags":[],"_links":{"self":[{"href":"https:\/\/www.r2cpress.com.br\/v1\/wp-json\/wp\/v2\/posts\/43733"}],"collection":[{"href":"https:\/\/www.r2cpress.com.br\/v1\/wp-json\/wp\/v2\/posts"}],"about":[{"href":"https:\/\/www.r2cpress.com.br\/v1\/wp-json\/wp\/v2\/types\/post"}],"author":[{"embeddable":true,"href":"https:\/\/www.r2cpress.com.br\/v1\/wp-json\/wp\/v2\/users\/2"}],"replies":[{"embeddable":true,"href":"https:\/\/www.r2cpress.com.br\/v1\/wp-json\/wp\/v2\/comments?post=43733"}],"version-history":[{"count":5,"href":"https:\/\/www.r2cpress.com.br\/v1\/wp-json\/wp\/v2\/posts\/43733\/revisions"}],"predecessor-version":[{"id":43739,"href":"https:\/\/www.r2cpress.com.br\/v1\/wp-json\/wp\/v2\/posts\/43733\/revisions\/43739"}],"wp:attachment":[{"href":"https:\/\/www.r2cpress.com.br\/v1\/wp-json\/wp\/v2\/media?parent=43733"}],"wp:term":[{"taxonomy":"category","embeddable":true,"href":"https:\/\/www.r2cpress.com.br\/v1\/wp-json\/wp\/v2\/categories?post=43733"},{"taxonomy":"post_tag","embeddable":true,"href":"https:\/\/www.r2cpress.com.br\/v1\/wp-json\/wp\/v2\/tags?post=43733"}],"curies":[{"name":"wp","href":"https:\/\/api.w.org\/{rel}","templated":true}]}}