{"id":43929,"date":"2012-06-27T12:17:57","date_gmt":"2012-06-27T15:17:57","guid":{"rendered":"http:\/\/www.r2cpress.com.br\/v1\/?p=43929"},"modified":"2012-06-27T12:17:57","modified_gmt":"2012-06-27T15:17:57","slug":"abraco-de-gemeos-motiva-agressao-e-morte","status":"publish","type":"post","link":"https:\/\/www.r2cpress.com.br\/v1\/2012\/06\/27\/abraco-de-gemeos-motiva-agressao-e-morte\/","title":{"rendered":"Abra\u00e7o de g\u00eameos motiva agress\u00e3o e morte"},"content":{"rendered":"<h1>Rodrigo Meneses<\/h1>\n<div id=\"fotos\">\n<div id=\"mygallery\">\n<div>\n<div>\n<div style=\"text-align: right;\">Luciano da Matta | Ag. A TARDE<\/div>\n<p><img class=\"alignright\" title=\"Adan, Douglas e Adriano foram autuados por homic\u00eddio e forma\u00e7\u00e3o de quadrilha\" src=\"http:\/\/atarde.uol.com.br\/arquivos\/2012\/06\/263457.jpg\" alt=\"Adan, Douglas e Adriano foram autuados por homic\u00eddio e forma\u00e7\u00e3o de quadrilha\" border=\"0\" \/><\/p>\n<div><em><strong>Adan, Douglas e Adriano foram autuados por homic\u00eddio e forma\u00e7\u00e3o de quadrilha<\/strong><\/em><\/div>\n<\/div>\n<\/div>\n<\/div>\n<\/div>\n<p>Jos\u00e9 Leonardo da Silva, 22 anos, n\u00e3o imaginava que o gesto inocente de caminhar abra\u00e7ado com seu irm\u00e3o g\u00eameo, Jos\u00e9 Leandro, despertaria a ira de outros homens. Os g\u00eameos foram espancados por cerca de oito pessoas na madrugada do \u00faltimo domingo (24) quando voltavam do Camaforr\u00f3, em Cama\u00e7ari (Grande Salvador). \u00a0Leonardo morreu no local ao receber v\u00e1rias pedradas na cabe\u00e7a, enquanto Leandro foi levado ao Hospital Geral de Cama\u00e7ari com um afundamento na face, mas j\u00e1 recebeu alta.<\/p>\n<p>Os agressores, que n\u00e3o tinham passagem na pol\u00edcia, foram presos no mesmo dia do crime e est\u00e3o custodiados na 18\u00aa Delegacia (Cama\u00e7ari). Segundo a delegada da 18\u00aa DT, Maria Tereza Santos Silva, trata-se de um crime de homofobia. \u201cPensaram que eles fossem um casal homossexual. Os agressores e as v\u00edtimas n\u00e3o se conheciam e n\u00e3o tiveram nenhuma briga anterior, por isso acho que a motiva\u00e7\u00e3o seja a homofobia\u201d, explica.<\/p>\n<p>A delegada relata que o grupo desceu de um micro-\u00f4nibus ao ver os g\u00eameos abra\u00e7ados e iniciou as agress\u00f5es. \u201cEles alegaram que acharam que era um homem e uma mulher brigando\u201d, conta Maria Tereza. Ap\u00f3s as investiga\u00e7\u00f5es, ela indiciou tr\u00eas das sete pessoas conduzidas para a delegacia. Douglas dos Santos Estrela, 19; Adriano Santos Lopes da Silva, 21; e Adan Jorge Ara\u00fajo Benevides, 22; foram autuados em flagrante por homic\u00eddio qualificado (por motivo f\u00fatil) e forma\u00e7\u00e3o de quadrilha. Diogo dos Santos Estrela, irm\u00e3o de Douglas, est\u00e1 foragido.<\/p>\n<p><strong><\/strong><strong>Covardia e brutalidade <\/strong><\/p>\n<p><!--more--><\/p>\n<p>Segundo a delegada Maria Tereza, durante as agress\u00f5es, Leonardo reagiu, conseguiu tomar a faca da m\u00e3o de Diogo e saiu caminhando. Ao ver Leonardo com a faca que pertencia a Diogo, Douglas perguntou onde estava seu irm\u00e3o. \u201cLeonardo respondeu que n\u00e3o sabia. Douglas pediu para ele largar a faca e conversar. Depois, Adriano meteu um paralelep\u00edpedo na cabe\u00e7a de Leonardo e Douglas pegou a mesma pedra e golpeou v\u00e1rias vezes a cabe\u00e7a da v\u00edtima\u201d, relata a delegada Maria Tereza. Adan foi o que desferiu os socos que provocaram o afundamento na face de Leandro, que sobreviveu.<strong><\/p>\n<p>Homofobia cultural &#8211;\u00a0<\/strong>Para a delegada Maria Tereza, o crime contra os g\u00eameos mostra um problema social. \u201cEstamos no s\u00e9culo 21 e matar uma pessoa porque \u00e9 homossexual \u00e9 um absurdo. Um jovem pagou com a vida porque foi confundido com um gay\u201d, destaca a delegada. O presidente do Grupo Gay da Bahia (GGB), Marcelo Cerqueira, afirma que o epis\u00f3dio demonstra claramente o grau de homofobia cultural presente na sociedade. \u201cEsse caso mostra o perigo que \u00e9 ser homossexual e demonstrar carinho em p\u00fablico. A gente repudia a situa\u00e7\u00e3o e chama a aten\u00e7\u00e3o para a aprova\u00e7\u00e3o da lei que torna a homofobia crime no Brasil. Enquanto isso n\u00e3o acontecer, muitos casos v\u00e3o se repetir\u201d, ressalta. \u201cDefender os direitos dos homossexuais \u00e9 defender os direitos humanos\u201d, completa.<\/p>\n<p>&#8212;<\/p>\n<p>A TARDE ON LINE<\/p>\n<p>http:\/\/atarde.uol.com.br\/cidades\/noticia.jsf?id=5849253&#038;t=Abraco+de+gemeos+motiva+agressao+e+morte<\/p>\n","protected":false},"excerpt":{"rendered":"<p>Rodrigo Meneses Luciano da Matta | Ag. A TARDE Adan, Douglas e Adriano foram autuados por homic\u00eddio e forma\u00e7\u00e3o de quadrilha Jos\u00e9 Leonardo da Silva, 22 anos, n\u00e3o imaginava que o gesto inocente de caminhar abra\u00e7ado com seu irm\u00e3o g\u00eameo, Jos\u00e9 Leandro, despertaria a ira de outros homens. Os g\u00eameos foram espancados por cerca de [&hellip;]<\/p>\n","protected":false},"author":2,"featured_media":0,"comment_status":"open","ping_status":"open","sticky":false,"template":"","format":"standard","meta":{"_links_to":"","_links_to_target":""},"categories":[25],"tags":[],"_links":{"self":[{"href":"https:\/\/www.r2cpress.com.br\/v1\/wp-json\/wp\/v2\/posts\/43929"}],"collection":[{"href":"https:\/\/www.r2cpress.com.br\/v1\/wp-json\/wp\/v2\/posts"}],"about":[{"href":"https:\/\/www.r2cpress.com.br\/v1\/wp-json\/wp\/v2\/types\/post"}],"author":[{"embeddable":true,"href":"https:\/\/www.r2cpress.com.br\/v1\/wp-json\/wp\/v2\/users\/2"}],"replies":[{"embeddable":true,"href":"https:\/\/www.r2cpress.com.br\/v1\/wp-json\/wp\/v2\/comments?post=43929"}],"version-history":[{"count":3,"href":"https:\/\/www.r2cpress.com.br\/v1\/wp-json\/wp\/v2\/posts\/43929\/revisions"}],"predecessor-version":[{"id":43932,"href":"https:\/\/www.r2cpress.com.br\/v1\/wp-json\/wp\/v2\/posts\/43929\/revisions\/43932"}],"wp:attachment":[{"href":"https:\/\/www.r2cpress.com.br\/v1\/wp-json\/wp\/v2\/media?parent=43929"}],"wp:term":[{"taxonomy":"category","embeddable":true,"href":"https:\/\/www.r2cpress.com.br\/v1\/wp-json\/wp\/v2\/categories?post=43929"},{"taxonomy":"post_tag","embeddable":true,"href":"https:\/\/www.r2cpress.com.br\/v1\/wp-json\/wp\/v2\/tags?post=43929"}],"curies":[{"name":"wp","href":"https:\/\/api.w.org\/{rel}","templated":true}]}}