{"id":4398,"date":"2010-12-13T21:36:16","date_gmt":"2010-12-14T00:36:16","guid":{"rendered":"http:\/\/www.r2cpress.com.br\/v1\/?p=4398"},"modified":"2010-12-13T23:10:01","modified_gmt":"2010-12-14T02:10:01","slug":"apelando-para-a-misericordia-divina","status":"publish","type":"post","link":"https:\/\/www.r2cpress.com.br\/v1\/2010\/12\/13\/apelando-para-a-misericordia-divina\/","title":{"rendered":"Apelando para a MISERIC\u00d3RDIA DIVINA"},"content":{"rendered":"<p><center><b> O &#8220;alambradista&#8221; Marzio num clic do brimo Nazal<\/b><\/center><br \/>\n<center><a href=\"http:\/\/www.r2cpress.com.br\/v1\/wp-content\/uploads\/marzio.jpg\"><img loading=\"lazy\" src=\"http:\/\/www.r2cpress.com.br\/v1\/wp-content\/uploads\/marzio-300x215.jpg\" alt=\"\" title=\"marzio\" width=\"300\" height=\"215\" class=\"size-medium wp-image-4418\" srcset=\"https:\/\/www.r2cpress.com.br\/v1\/wp-content\/uploads\/marzio-300x215.jpg 300w, https:\/\/www.r2cpress.com.br\/v1\/wp-content\/uploads\/marzio.jpg 518w\" sizes=\"(max-width: 300px) 100vw, 300px\" \/><\/a><\/center><br \/>\nJos\u00e9 Antonio Ock\u00e9, <strong>ZUZUA<\/strong>,  sabe que uma das minhas paix\u00f5es \u00e9 <strong>Marzio \u00c1zaro d&#8217; Lipi.<\/strong> Zuzua ligou agora e come\u00e7ou num cerca Louren\u00e7o que de logo imaginei: l\u00e1 vem bomba. E veio.<br \/>\nResumindo e j\u00e1 apelando para uma <strong>CORRENTE DE ORA\u00c7\u00d5ES<\/strong>:<br \/>\nMarzio saiu para um evento ma\u00e7\u00f4nico que coincidiu com um encontro de motociclista. O tal do Marzio est\u00e1 emplacado com moto.<br \/>\nL\u00e1 pras bandas de Feira ele se &#8216;embara\u00e7ou&#8217; com os trilhos que cortam uma cidadezinha e caiu feio. Quebrou umas tres costelas, teve uma pancada muito forte na cabe\u00e7a e tem um agravante que serviu  para piorar o quadro. Eu n\u00e3o escutei direito e nem fiz esfor\u00e7o para saber. Fiquei azuado com a not\u00edcia.<br \/>\n<strong>Antonio Carlos Rabat<\/strong> conseguiu a ambul\u00e2ncia da <strong>UNIMED <\/strong>e, assim, a ambul\u00e2ncia pegou Marzio em Feira e levou para Salvador. <strong>O nosso Marzio est\u00e1 internado no hospital S\u00e3o Rafael.<\/strong><\/p>\n<p>Vamor orar, rezar, tocar tambor fazer tudo que estiver ao nosso alcance e o resto fica por conta do amigo maior <strong>JC &#8220;AQUELE&#8221; que, verdadeiramente, sabe das cosias&#8230;<\/strong><\/p>\n<p><strong>Vamos come\u00e7ar, AGORA,  o VOLTA MARZIO, J\u00c1!<\/strong><\/p>\n<p>Bjo grandde e fiquem com <strong>DEUS <\/strong>(sempre!).<br \/>\nRabat &#038; Banda.<\/p>\n","protected":false},"excerpt":{"rendered":"<p>O &#8220;alambradista&#8221; Marzio num clic do brimo Nazal Jos\u00e9 Antonio Ock\u00e9, ZUZUA, sabe que uma das minhas paix\u00f5es \u00e9 Marzio \u00c1zaro d&#8217; Lipi. Zuzua ligou agora e come\u00e7ou num cerca Louren\u00e7o que de logo imaginei: l\u00e1 vem bomba. E veio. Resumindo e j\u00e1 apelando para uma CORRENTE DE ORA\u00c7\u00d5ES: Marzio saiu para um evento ma\u00e7\u00f4nico [&hellip;]<\/p>\n","protected":false},"author":2,"featured_media":0,"comment_status":"open","ping_status":"open","sticky":false,"template":"","format":"standard","meta":{"_links_to":"","_links_to_target":""},"categories":[21],"tags":[],"_links":{"self":[{"href":"https:\/\/www.r2cpress.com.br\/v1\/wp-json\/wp\/v2\/posts\/4398"}],"collection":[{"href":"https:\/\/www.r2cpress.com.br\/v1\/wp-json\/wp\/v2\/posts"}],"about":[{"href":"https:\/\/www.r2cpress.com.br\/v1\/wp-json\/wp\/v2\/types\/post"}],"author":[{"embeddable":true,"href":"https:\/\/www.r2cpress.com.br\/v1\/wp-json\/wp\/v2\/users\/2"}],"replies":[{"embeddable":true,"href":"https:\/\/www.r2cpress.com.br\/v1\/wp-json\/wp\/v2\/comments?post=4398"}],"version-history":[{"count":10,"href":"https:\/\/www.r2cpress.com.br\/v1\/wp-json\/wp\/v2\/posts\/4398\/revisions"}],"predecessor-version":[{"id":4435,"href":"https:\/\/www.r2cpress.com.br\/v1\/wp-json\/wp\/v2\/posts\/4398\/revisions\/4435"}],"wp:attachment":[{"href":"https:\/\/www.r2cpress.com.br\/v1\/wp-json\/wp\/v2\/media?parent=4398"}],"wp:term":[{"taxonomy":"category","embeddable":true,"href":"https:\/\/www.r2cpress.com.br\/v1\/wp-json\/wp\/v2\/categories?post=4398"},{"taxonomy":"post_tag","embeddable":true,"href":"https:\/\/www.r2cpress.com.br\/v1\/wp-json\/wp\/v2\/tags?post=4398"}],"curies":[{"name":"wp","href":"https:\/\/api.w.org\/{rel}","templated":true}]}}