{"id":44212,"date":"2012-07-01T12:23:12","date_gmt":"2012-07-01T15:23:12","guid":{"rendered":"http:\/\/www.r2cpress.com.br\/v1\/?p=44212"},"modified":"2012-07-01T12:23:12","modified_gmt":"2012-07-01T15:23:12","slug":"a-curiosa-e-linda-beberibe-tem-na-sua-biblioteca-obras-dos-itabunenses-jorge-amado-e-cyro-de-mattos","status":"publish","type":"post","link":"https:\/\/www.r2cpress.com.br\/v1\/2012\/07\/01\/a-curiosa-e-linda-beberibe-tem-na-sua-biblioteca-obras-dos-itabunenses-jorge-amado-e-cyro-de-mattos\/","title":{"rendered":"A Curiosa e Linda Beberibe Tem na Sua Biblioteca Obras dos Itabunenses Jorge Amado e Cyro de Mattos"},"content":{"rendered":"<p><strong>Por Ailton Silva<\/strong><\/p>\n<p><a href=\"http:\/\/www.r2cpress.com.br\/v1\/wp-content\/uploads\/cyro-curiosa-01.jpg\"><img loading=\"lazy\" src=\"http:\/\/www.r2cpress.com.br\/v1\/wp-content\/uploads\/cyro-curiosa-01.jpg\" alt=\"\" title=\"cyro curiosa 01\" width=\"500\" height=\"375\" class=\"aligncenter size-full wp-image-44213\" srcset=\"https:\/\/www.r2cpress.com.br\/v1\/wp-content\/uploads\/cyro-curiosa-01.jpg 500w, https:\/\/www.r2cpress.com.br\/v1\/wp-content\/uploads\/cyro-curiosa-01-300x225.jpg 300w\" sizes=\"(max-width: 500px) 100vw, 500px\" \/><\/a><br \/>\nBiblioteca de nome curioso tem obras de Jorge Amado e Cyro de Mattos (Foto Ailton Silva\/Pimenta).<br \/>\n<strong>Ailton Silva<\/strong>, de Beberibe (CE)<br \/>\n<a href=\"http:\/\/www.r2cpress.com.br\/v1\/wp-content\/uploads\/cyro-curiosa-02.jpg\"><img loading=\"lazy\" src=\"http:\/\/www.r2cpress.com.br\/v1\/wp-content\/uploads\/cyro-curiosa-02.jpg\" alt=\"\" title=\"cyro curiosa 02\" width=\"500\" height=\"377\" class=\"aligncenter size-full wp-image-44214\" srcset=\"https:\/\/www.r2cpress.com.br\/v1\/wp-content\/uploads\/cyro-curiosa-02.jpg 500w, https:\/\/www.r2cpress.com.br\/v1\/wp-content\/uploads\/cyro-curiosa-02-300x226.jpg 300w\" sizes=\"(max-width: 500px) 100vw, 500px\" \/><\/a><br \/>\nPlaca n\u00e3o deixa d\u00favida: M\u00e3e do Rio existe (Ailton Silva\/Pimenta).<br \/>\nNa praia do Diego, no interior do Cear\u00e1, encontrei uma fam\u00edlia do munic\u00edpio de M\u00e3e do Rio, no Par\u00e1. Quando li a placa de uma picape Toyota Hilux, achei que fosse brincadeira\u2026 Mas o munic\u00edpio existe, tem 27.904 habitantes, segundo o IBGE. Os m\u00e3e-rienses vivem em uma \u00e1rea de 469 quil\u00f4metros quadrados.<br \/>\nEm Beberibe, um dos munic\u00edpios mais extensos do Cear\u00e1 \u2013 s\u00e3o 1.623 quil\u00f4metros, boa parte \u201cmargeada\u201d pelo mar \u2013, fui surpreendido com a inexist\u00eancia de ladr\u00f5es de capacetes.<br \/>\nEncontrei, por volta das 20 horas, pelo menos 20 motos estacionadas com os equipamentos soltos. Os donos eram motaxistas e participavam de uma reuni\u00e3o a portas fechadas. Em qual cidade do sul da Bahia, com 50 mil habitantes, isso ainda \u00e9 poss\u00edvel?<br \/>\nA bela cidade cearense tamb\u00e9m \u00e9 dada a nomes que chamam a aten\u00e7\u00e3o, como o da biblioteca municipal professora Dido Fac\u00f3 (lembra da foto acima?). Assim mesmo, no masculino.<br \/>\n<a href=\"http:\/\/www.r2cpress.com.br\/v1\/wp-content\/uploads\/cyro-curiosa-03.jpg\"><img loading=\"lazy\" src=\"http:\/\/www.r2cpress.com.br\/v1\/wp-content\/uploads\/cyro-curiosa-03.jpg\" alt=\"\" title=\"cyro curiosa 03\" width=\"500\" height=\"321\" class=\"aligncenter size-full wp-image-44215\" srcset=\"https:\/\/www.r2cpress.com.br\/v1\/wp-content\/uploads\/cyro-curiosa-03.jpg 500w, https:\/\/www.r2cpress.com.br\/v1\/wp-content\/uploads\/cyro-curiosa-03-300x192.jpg 300w\" sizes=\"(max-width: 500px) 100vw, 500px\" \/><\/a><br \/>\nNa biblioteca, o leitor encontra obras de Cyro e Jorge.<br \/>\n\u201cDido Fac\u00f3\u201d foi a primeira professora da rede p\u00fablica da localidade. A biblioteca \u00e9 toda arrumada. E muito bem frequentada! L\u00e1, encontramos obras de dois itabunenses famosos: Cyro de Mattos e Jorge Amado.<br \/>\nItabuna, ali\u00e1s, est\u00e1 bem cotada aqui no Cear\u00e1. Na semana passada um navio de carga, levando o nome do munic\u00edpio do sul da Bahia, estava atracado no porto de Fortaleza.<\/p>\n","protected":false},"excerpt":{"rendered":"<p>Por Ailton Silva Biblioteca de nome curioso tem obras de Jorge Amado e Cyro de Mattos (Foto Ailton Silva\/Pimenta). Ailton Silva, de Beberibe (CE) Placa n\u00e3o deixa d\u00favida: M\u00e3e do Rio existe (Ailton Silva\/Pimenta). Na praia do Diego, no interior do Cear\u00e1, encontrei uma fam\u00edlia do munic\u00edpio de M\u00e3e do Rio, no Par\u00e1. Quando li [&hellip;]<\/p>\n","protected":false},"author":2,"featured_media":0,"comment_status":"open","ping_status":"open","sticky":false,"template":"","format":"standard","meta":{"_links_to":"","_links_to_target":""},"categories":[5],"tags":[],"_links":{"self":[{"href":"https:\/\/www.r2cpress.com.br\/v1\/wp-json\/wp\/v2\/posts\/44212"}],"collection":[{"href":"https:\/\/www.r2cpress.com.br\/v1\/wp-json\/wp\/v2\/posts"}],"about":[{"href":"https:\/\/www.r2cpress.com.br\/v1\/wp-json\/wp\/v2\/types\/post"}],"author":[{"embeddable":true,"href":"https:\/\/www.r2cpress.com.br\/v1\/wp-json\/wp\/v2\/users\/2"}],"replies":[{"embeddable":true,"href":"https:\/\/www.r2cpress.com.br\/v1\/wp-json\/wp\/v2\/comments?post=44212"}],"version-history":[{"count":2,"href":"https:\/\/www.r2cpress.com.br\/v1\/wp-json\/wp\/v2\/posts\/44212\/revisions"}],"predecessor-version":[{"id":44217,"href":"https:\/\/www.r2cpress.com.br\/v1\/wp-json\/wp\/v2\/posts\/44212\/revisions\/44217"}],"wp:attachment":[{"href":"https:\/\/www.r2cpress.com.br\/v1\/wp-json\/wp\/v2\/media?parent=44212"}],"wp:term":[{"taxonomy":"category","embeddable":true,"href":"https:\/\/www.r2cpress.com.br\/v1\/wp-json\/wp\/v2\/categories?post=44212"},{"taxonomy":"post_tag","embeddable":true,"href":"https:\/\/www.r2cpress.com.br\/v1\/wp-json\/wp\/v2\/tags?post=44212"}],"curies":[{"name":"wp","href":"https:\/\/api.w.org\/{rel}","templated":true}]}}