{"id":44312,"date":"2012-07-03T15:19:10","date_gmt":"2012-07-03T18:19:10","guid":{"rendered":"http:\/\/www.r2cpress.com.br\/v1\/?p=44312"},"modified":"2012-07-03T15:19:10","modified_gmt":"2012-07-03T18:19:10","slug":"retornos-e-novidades-marcam-programacao-de-julho-da-casa-dos-artistas","status":"publish","type":"post","link":"https:\/\/www.r2cpress.com.br\/v1\/2012\/07\/03\/retornos-e-novidades-marcam-programacao-de-julho-da-casa-dos-artistas\/","title":{"rendered":"Retornos e novidades marcam  programa\u00e7\u00e3o de julho da Casa dos Artistas"},"content":{"rendered":"<p>A programa\u00e7\u00e3o do m\u00eas de julho da Casa dos Artistas conta com retornos e novidades. O projeto de debates <em>Improviso, Oxente!<\/em> volta com o tema geral \u201cA cidade \u00e9 movida pela cultura\u201d e o <em>S\u00e1bado Sim<\/em> regressa abrindo espa\u00e7o para bandas alternativas da cidade. E a Cia. Boi da Cara Preta retorna ao palco do Teatro Pedro Mattos com o musical <em>Lendas da Lagoa Encantada. <\/em>Entre as inova\u00e7\u00f5es, est\u00e3o os projetos <em>Ciclo da Rima<\/em> e <em>Cinema Incidental<\/em>.<\/p>\n<p>A volta do projeto <em>Improviso, Oxente!<\/em> \u00e9 uma parceria do Teatro Popular de Ilh\u00e9us com o Instituto Nossa Ilh\u00e9us. Plateia e convidados conversar\u00e3o sobre os fen\u00f4menos que levaram Ilh\u00e9us a ser o que \u00e9 hoje e seu futuro ideal. O bate-papo ser\u00e1 intercalado por interven\u00e7\u00f5es art\u00edsticas de atores e m\u00fasicos. Os encontros s\u00e3o abertos ao p\u00fablico e acontecer\u00e3o a partir das 19 horas das sextas-feiras de julho.<\/p>\n<p>As bandas alternativas de Ilh\u00e9us e regi\u00e3o ter\u00e3o seu espa\u00e7o garantido no retorno do <em>S\u00e1bado Sim<\/em> \u00e0 Casa dos Artistas sempre a partir das 20 horas. No dia 07, tem <em>Dr. Imbira e Roma Negra<\/em>. No dia 21, <em>Infected Minds e Dist\u00e2ncia<\/em> se revezam no palco. As entradas custam R$ 10 e R$ 5. Ainda no segmento da m\u00fasica, tem o projeto <em>Cinema Incidental<\/em>, que promete sess\u00f5es-apresenta\u00e7\u00f5es gratuitas de novas trilhas musicais para filmes mudos. Os interessados na t\u00e9cnica poder\u00e3o fazer oficinas de composi\u00e7\u00e3o.<\/p>\n<p>O <em>Ciclo da Rima<\/em> marcar\u00e1 o encontro de especialistas na arte de unir palavras. Um cordelista, um poeta e um rapper falar\u00e3o a respeito de seus processos criativos e, ao final, estar\u00e3o reunidos para convergir suas artes. As reuni\u00f5es s\u00e3o abertas e acontecer\u00e3o sempre \u00e0s segundas-feiras \u00e0s 17h30min.<\/p>\n<p>Mas o que \u00e9 sucesso permanece em cena. A com\u00e9dia <em>Homens ajudam homens? d<\/em>o grupo Maktub Performances continua em cartaz. Os palha\u00e7os brincantes se apresentar\u00e3o no dia 14 de julho, \u00e0s 20 horas. No dia 21 \u00e0s 17 horas, tem o musical infanto-juvenil <em>Lendas da Lagoa Encantada<\/em>, que volta em duas sess\u00f5es, \u00e0s 17 e 20 horas no dia 28<em>. <\/em>As entradas para ambos os espet\u00e1culos custam R$ 10 e R$ 5. Vale lembrar que 20% dos ingressos s\u00e3o destinados a estudantes de escolas p\u00fablicas, gratuitamente.<\/p>\n<p>O Cineclube \u00c9quio Reis prossegue com a s\u00e9rie Centen\u00e1rios, homenageando g\u00eanios da cultura brasileira que completariam um s\u00e9culo de vida. \u00c0s 19 horas das ter\u00e7as-feiras e com entrada franca, ser\u00e3o exibidos filmes relacionados a Luiz Gonzaga, o Rei do Bai\u00e3o. A iniciativa conta com apoio do Memorial Luiz Gonzaga, da Prefeitura do Recife.<\/p>\n<p>Para a coordenadora art\u00edstica do espa\u00e7o cultural, T\u00e2nia Barbosa, o m\u00eas de julho traz uma programa\u00e7\u00e3o diversificada e que atende a p\u00fablicos diferentes. \u201cTemos atra\u00e7\u00f5es para todas as idades gratuitas ou com pre\u00e7os populares. Quem quiser aproveitar para espantar o frio do inverno, pode vir se aquecer na Casa dos Artistas\u201d, disse.<\/p>\n<p>&nbsp;<\/p>\n","protected":false},"excerpt":{"rendered":"<p>A programa\u00e7\u00e3o do m\u00eas de julho da Casa dos Artistas conta com retornos e novidades. O projeto de debates Improviso, Oxente! volta com o tema geral \u201cA cidade \u00e9 movida pela cultura\u201d e o S\u00e1bado Sim regressa abrindo espa\u00e7o para bandas alternativas da cidade. E a Cia. Boi da Cara Preta retorna ao palco do [&hellip;]<\/p>\n","protected":false},"author":2,"featured_media":0,"comment_status":"open","ping_status":"open","sticky":false,"template":"","format":"standard","meta":{"_links_to":"","_links_to_target":""},"categories":[5],"tags":[],"_links":{"self":[{"href":"https:\/\/www.r2cpress.com.br\/v1\/wp-json\/wp\/v2\/posts\/44312"}],"collection":[{"href":"https:\/\/www.r2cpress.com.br\/v1\/wp-json\/wp\/v2\/posts"}],"about":[{"href":"https:\/\/www.r2cpress.com.br\/v1\/wp-json\/wp\/v2\/types\/post"}],"author":[{"embeddable":true,"href":"https:\/\/www.r2cpress.com.br\/v1\/wp-json\/wp\/v2\/users\/2"}],"replies":[{"embeddable":true,"href":"https:\/\/www.r2cpress.com.br\/v1\/wp-json\/wp\/v2\/comments?post=44312"}],"version-history":[{"count":3,"href":"https:\/\/www.r2cpress.com.br\/v1\/wp-json\/wp\/v2\/posts\/44312\/revisions"}],"predecessor-version":[{"id":44315,"href":"https:\/\/www.r2cpress.com.br\/v1\/wp-json\/wp\/v2\/posts\/44312\/revisions\/44315"}],"wp:attachment":[{"href":"https:\/\/www.r2cpress.com.br\/v1\/wp-json\/wp\/v2\/media?parent=44312"}],"wp:term":[{"taxonomy":"category","embeddable":true,"href":"https:\/\/www.r2cpress.com.br\/v1\/wp-json\/wp\/v2\/categories?post=44312"},{"taxonomy":"post_tag","embeddable":true,"href":"https:\/\/www.r2cpress.com.br\/v1\/wp-json\/wp\/v2\/tags?post=44312"}],"curies":[{"name":"wp","href":"https:\/\/api.w.org\/{rel}","templated":true}]}}