{"id":45131,"date":"2012-07-13T21:16:59","date_gmt":"2012-07-14T00:16:59","guid":{"rendered":"http:\/\/www.r2cpress.com.br\/v1\/?p=45131"},"modified":"2012-07-13T21:16:59","modified_gmt":"2012-07-14T00:16:59","slug":"sul-da-bahia-presente-no-7o-congresso-internacional-de-jornalismo-investigativo-em-sao-paulo","status":"publish","type":"post","link":"https:\/\/www.r2cpress.com.br\/v1\/2012\/07\/13\/sul-da-bahia-presente-no-7o-congresso-internacional-de-jornalismo-investigativo-em-sao-paulo\/","title":{"rendered":"SUL DA BAHIA PRESENTE NO 7\u00ba CONGRESSO INTERNACIONAL DE JORNALISMO INVESTIGATIVO EM S\u00c3O PAULO"},"content":{"rendered":"<p>Come\u00e7ou na ultima quinta feira, 12 o 7\u00b0 Congresso Internacional de Jornalismo Investigativo. S\u00e3o quase 90 palestras, com temas como Copa do Mundo e Olimp\u00edadas, investiga\u00e7\u00e3o de empresas privadas e de governos, medidas de prote\u00e7\u00e3o para jornalistas e produ\u00e7\u00e3o de grandes reportagens para r\u00e1dios, jornais impressos e on-line al\u00e9m  de televis\u00e3o.<br \/>\n<center><a href=\"http:\/\/www.r2cpress.com.br\/v1\/wp-content\/uploads\/robertinho_marinho_jornalismo-investigativo.jpg\"><img loading=\"lazy\" src=\"http:\/\/www.r2cpress.com.br\/v1\/wp-content\/uploads\/robertinho_marinho_jornalismo-investigativo.jpg\" alt=\"\" title=\"robertinho_marinho_jornalismo investigativo\" width=\"550\" height=\"351\" class=\"aligncenter size-full wp-image-45132\" srcset=\"https:\/\/www.r2cpress.com.br\/v1\/wp-content\/uploads\/robertinho_marinho_jornalismo-investigativo.jpg 550w, https:\/\/www.r2cpress.com.br\/v1\/wp-content\/uploads\/robertinho_marinho_jornalismo-investigativo-300x191.jpg 300w\" sizes=\"(max-width: 550px) 100vw, 550px\" \/><\/a><\/center><\/p>\n<p>Os radialistas de Ilh\u00e9us, Marinho Santos e Robertinho Scarpita, do programa TROPA DE ELITE, est\u00e3o participando ativamente e se destacando entre os 632 inscritos neste grande evento a n\u00edvel nacional e internacional. Santos e Scarpita buscam conhecimentos modernos no sentido de aplicar no dia no dia no trabalho que desenvolvem no sul da Bahia.<\/p>\n<p>Uns dos pontos altos no segundo dia do congresso foram \u00e0s palestras: Como Entrevistar Pol\u00edticos e Cobertura Policial. Os palestrantes foram o diretor de jornalismo da BAND, jornalista Fernando Mitre, Fernando Rodrigues da FOLHA\/Abraji e Angelina Nunes do jornal O GLOBO.<\/p>\n<p>V\u00e1rios profissionais, pesquisadores e especialistas do Brasil e do mundo falaram sobre os assuntos mais importantes e complexos veiculados na m\u00eddia. Sidarta Ribeiro (UFRN) e Maur\u00edcio Fiore (CEBRAP) responderam perguntas relacionadas ao \u201cNarcotr\u00e1fico \u2013 descriminalizar \u00e9 a solu\u00e7\u00e3o?\u201d. Agora que o Uruguai est\u00e1 tentando legalizar a venda da maconha pelo Estado para frear a criminalidade, esse tema ganha fei\u00e7\u00f5es ainda mais atuais. Ribeiro e Fiore s\u00e3o autores de livros sobre o assunto e pesquisam a a\u00e7\u00e3o das drogas no c\u00e9rebro e no corpo h\u00e1 anos.<\/p>\n<p>Este 7\u00ba Congresso Internacional de Jornalismo Investigativo homenageou os jornalistas J\u00e2nio de Freitas e Tim Lopes. O primeiro pelos seus 60 anos de dedica\u00e7\u00e3o ao jornalismo e o segundo por sua trajet\u00f3ria e tr\u00e1gico fim na carreira de rep\u00f3rter, uma inspira\u00e7\u00e3o para a cria\u00e7\u00e3o da Abraji (Associa\u00e7\u00e3o Brasileira de Jornalismo Investigativo).<\/p>\n","protected":false},"excerpt":{"rendered":"<p>Come\u00e7ou na ultima quinta feira, 12 o 7\u00b0 Congresso Internacional de Jornalismo Investigativo. S\u00e3o quase 90 palestras, com temas como Copa do Mundo e Olimp\u00edadas, investiga\u00e7\u00e3o de empresas privadas e de governos, medidas de prote\u00e7\u00e3o para jornalistas e produ\u00e7\u00e3o de grandes reportagens para r\u00e1dios, jornais impressos e on-line al\u00e9m de televis\u00e3o. Os radialistas de Ilh\u00e9us, [&hellip;]<\/p>\n","protected":false},"author":2,"featured_media":0,"comment_status":"open","ping_status":"open","sticky":false,"template":"","format":"standard","meta":{"_links_to":"","_links_to_target":""},"categories":[13],"tags":[],"_links":{"self":[{"href":"https:\/\/www.r2cpress.com.br\/v1\/wp-json\/wp\/v2\/posts\/45131"}],"collection":[{"href":"https:\/\/www.r2cpress.com.br\/v1\/wp-json\/wp\/v2\/posts"}],"about":[{"href":"https:\/\/www.r2cpress.com.br\/v1\/wp-json\/wp\/v2\/types\/post"}],"author":[{"embeddable":true,"href":"https:\/\/www.r2cpress.com.br\/v1\/wp-json\/wp\/v2\/users\/2"}],"replies":[{"embeddable":true,"href":"https:\/\/www.r2cpress.com.br\/v1\/wp-json\/wp\/v2\/comments?post=45131"}],"version-history":[{"count":2,"href":"https:\/\/www.r2cpress.com.br\/v1\/wp-json\/wp\/v2\/posts\/45131\/revisions"}],"predecessor-version":[{"id":45134,"href":"https:\/\/www.r2cpress.com.br\/v1\/wp-json\/wp\/v2\/posts\/45131\/revisions\/45134"}],"wp:attachment":[{"href":"https:\/\/www.r2cpress.com.br\/v1\/wp-json\/wp\/v2\/media?parent=45131"}],"wp:term":[{"taxonomy":"category","embeddable":true,"href":"https:\/\/www.r2cpress.com.br\/v1\/wp-json\/wp\/v2\/categories?post=45131"},{"taxonomy":"post_tag","embeddable":true,"href":"https:\/\/www.r2cpress.com.br\/v1\/wp-json\/wp\/v2\/tags?post=45131"}],"curies":[{"name":"wp","href":"https:\/\/api.w.org\/{rel}","templated":true}]}}