{"id":4558,"date":"2010-12-15T22:26:07","date_gmt":"2010-12-16T01:26:07","guid":{"rendered":"http:\/\/www.r2cpress.com.br\/v1\/?p=4558"},"modified":"2010-12-15T22:26:07","modified_gmt":"2010-12-16T01:26:07","slug":"corpo-de-bombeiros-de-ilheus-%e2%80%93-preocupacao-com-a-prevencao-contra-incendio-na-cidade","status":"publish","type":"post","link":"https:\/\/www.r2cpress.com.br\/v1\/2010\/12\/15\/corpo-de-bombeiros-de-ilheus-%e2%80%93-preocupacao-com-a-prevencao-contra-incendio-na-cidade\/","title":{"rendered":"Corpo de Bombeiros de Ilh\u00e9us \u2013 preocupa\u00e7\u00e3o com a preven\u00e7\u00e3o contra inc\u00eandio na cidade."},"content":{"rendered":"<p><a href=\"http:\/\/www.r2cpress.com.br\/v1\/wp-content\/uploads\/bombeiros-hidrante.jpg\"><img loading=\"lazy\" src=\"http:\/\/www.r2cpress.com.br\/v1\/wp-content\/uploads\/bombeiros-hidrante-193x300.jpg\" alt=\"\" title=\"bombeiros hidrante\" width=\"193\" height=\"300\" class=\"alignleft size-medium wp-image-4559\" srcset=\"https:\/\/www.r2cpress.com.br\/v1\/wp-content\/uploads\/bombeiros-hidrante-193x300.jpg 193w, https:\/\/www.r2cpress.com.br\/v1\/wp-content\/uploads\/bombeiros-hidrante.jpg 250w\" sizes=\"(max-width: 193px) 100vw, 193px\" \/><\/a>Com o objetivo de dinamizar o reabastecimento das viaturas de combate a inc\u00eandio para a conseq\u00fcente agilidade nas ocorr\u00eancias dos bombeiros de Ilh\u00e9us, foi feita uma vistoria nos hidrantes da cidade e constatou-se que nenhum destes equipamentos satisfaz tecnicamente a necessidade dos carros operacionais. Com base em relat\u00f3rio, o Comando do 5\u00b0 Grupamento de Bombeiros Militares de Ilh\u00e9us, convocou uma reuni\u00e3o com autoridades da prefeitura e representantes de empresas da cidade para discutir sobre preven\u00e7\u00e3o e combate a inc\u00eandio e situa\u00e7\u00f5es relacionadas com o abastecimento de \u00e1gua nos hidrantes da cidade. A reuni\u00e3o aconteceu na Associa\u00e7\u00e3o Comercial de Ilh\u00e9us, na tarde do dia 14 de dezembro do corrente m\u00eas. <\/p>\n<p>Estiveram presentes na reuni\u00e3o os bombeiros militares Ten Cel BM Marivaldo Elias de S\u00e1, o Sr. Major BM Joelson Resende Gondim, Sub comandante, a Cap Ana Isabel Ara\u00fajo de Santana , a Ten BM Alice Viliane Oliveira do Nascimento e a SD BM Fl\u00e1via Alves, assim como, os representantes civis de empresas e de \u00f3rg\u00e3os p\u00fablicos, Sr\u00aa Railda Sim\u00f5es de Carvalho e Sr\u00aa Jussara Paula Rezende Pereira representando a SUDIC, o Sr\u00b0 Cl\u00e1udio Fontes, representando a Embasa, Sr\u00b0 Jos\u00e9 Correia Lavigne de Lemos, representando a SINEC, Sr\u00b0 Orlando Souza Oliveira, representando a Associa\u00e7\u00e3o dos Comerciantes de Ilh\u00e9us.<\/p>\n<p><!--more--><\/p>\n<p>O Comandante ressaltou que para uma r\u00e1pida atua\u00e7\u00e3o do bombeiro, precisa-se de uma provis\u00e3o de equipamentos de apoio em boas condi\u00e7\u00f5es. \u201cConclui-se que os hidrantes instalados na cidade de Ilh\u00e9us, N\u00c3O ATENDEM as Normas Gerais de Prote\u00e7\u00e3o e Combate a Inc\u00eandio\u201d (Tenente Coronel Marivaldo Elias de S\u00e1).<\/p>\n<p>Foi destacada tamb\u00e9m a necessidade da instala\u00e7\u00e3o de hidrantes em locais de grande circula\u00e7\u00e3o e potencial de risco como o Centro Comercial, Pra\u00e7a da Prefeitura, Concha Ac\u00fastica e Centro de Conven\u00e7\u00f5es. <\/p>\n<p>Ao final da reuni\u00e3o, foram tra\u00e7adas metas de redimensionamento da rede de hidrantes da cidade e, na oportunidade, foi solicitada aos representantes da Embasa a libera\u00e7\u00e3o da pressuriza\u00e7\u00e3o da rede de hidrantes, disponibilizando-a 24 horas.<\/p>\n","protected":false},"excerpt":{"rendered":"<p>Com o objetivo de dinamizar o reabastecimento das viaturas de combate a inc\u00eandio para a conseq\u00fcente agilidade nas ocorr\u00eancias dos bombeiros de Ilh\u00e9us, foi feita uma vistoria nos hidrantes da cidade e constatou-se que nenhum destes equipamentos satisfaz tecnicamente a necessidade dos carros operacionais. Com base em relat\u00f3rio, o Comando do 5\u00b0 Grupamento de Bombeiros [&hellip;]<\/p>\n","protected":false},"author":2,"featured_media":0,"comment_status":"open","ping_status":"open","sticky":false,"template":"","format":"standard","meta":{"_links_to":"","_links_to_target":""},"categories":[25],"tags":[],"_links":{"self":[{"href":"https:\/\/www.r2cpress.com.br\/v1\/wp-json\/wp\/v2\/posts\/4558"}],"collection":[{"href":"https:\/\/www.r2cpress.com.br\/v1\/wp-json\/wp\/v2\/posts"}],"about":[{"href":"https:\/\/www.r2cpress.com.br\/v1\/wp-json\/wp\/v2\/types\/post"}],"author":[{"embeddable":true,"href":"https:\/\/www.r2cpress.com.br\/v1\/wp-json\/wp\/v2\/users\/2"}],"replies":[{"embeddable":true,"href":"https:\/\/www.r2cpress.com.br\/v1\/wp-json\/wp\/v2\/comments?post=4558"}],"version-history":[{"count":2,"href":"https:\/\/www.r2cpress.com.br\/v1\/wp-json\/wp\/v2\/posts\/4558\/revisions"}],"predecessor-version":[{"id":4561,"href":"https:\/\/www.r2cpress.com.br\/v1\/wp-json\/wp\/v2\/posts\/4558\/revisions\/4561"}],"wp:attachment":[{"href":"https:\/\/www.r2cpress.com.br\/v1\/wp-json\/wp\/v2\/media?parent=4558"}],"wp:term":[{"taxonomy":"category","embeddable":true,"href":"https:\/\/www.r2cpress.com.br\/v1\/wp-json\/wp\/v2\/categories?post=4558"},{"taxonomy":"post_tag","embeddable":true,"href":"https:\/\/www.r2cpress.com.br\/v1\/wp-json\/wp\/v2\/tags?post=4558"}],"curies":[{"name":"wp","href":"https:\/\/api.w.org\/{rel}","templated":true}]}}