{"id":458,"date":"2010-10-21T17:41:00","date_gmt":"2010-10-21T20:41:00","guid":{"rendered":"http:\/\/www.r2cpress.com.br\/v1\/?p=458"},"modified":"2010-10-21T17:41:00","modified_gmt":"2010-10-21T20:41:00","slug":"motorista-demitido-tenta-arremessar-onibus-no-dique-do-tororo","status":"publish","type":"post","link":"https:\/\/www.r2cpress.com.br\/v1\/2010\/10\/21\/motorista-demitido-tenta-arremessar-onibus-no-dique-do-tororo\/","title":{"rendered":"Motorista demitido tenta arremessar \u00f4nibus no Dique do Toror\u00f3"},"content":{"rendered":"<p><div id=\"attachment_459\" style=\"width: 310px\" class=\"wp-caption alignleft\"><a href=\"http:\/\/www.r2cpress.com.br\/v1\/wp-content\/uploads\/motorista-onibus-dique-ssa.jpg\"><img aria-describedby=\"caption-attachment-459\" loading=\"lazy\" src=\"http:\/\/www.r2cpress.com.br\/v1\/wp-content\/uploads\/motorista-onibus-dique-ssa-300x193.jpg\" alt=\"\" title=\"motorista onibus dique  ssa\" width=\"300\" height=\"193\" class=\"size-medium wp-image-459\" srcset=\"https:\/\/www.r2cpress.com.br\/v1\/wp-content\/uploads\/motorista-onibus-dique-ssa-300x193.jpg 300w, https:\/\/www.r2cpress.com.br\/v1\/wp-content\/uploads\/motorista-onibus-dique-ssa.jpg 750w\" sizes=\"(max-width: 300px) 100vw, 300px\" \/><\/a><p id=\"caption-attachment-459\" class=\"wp-caption-text\">O motorista teria acelerado o ve\u00edculo e tentado jogar o carro dentro do Dique. O motorista foi detido e conduzido \u00e0 delegacia. Fotos: Evandro Veiga\/CORREIO <\/p><\/div><strong>Rodovi\u00e1rio teria roubado o ve\u00edculo na garagem da empresa Modelo<\/strong><br \/>\nO \u00f4nibus que ficou pendurado na margem do Dique do Toror\u00f3 na tarde desta quinta-feira (21), foi jogado pelo motorista do ve\u00edculo, de acordo com informa\u00e7\u00f5es da Pol\u00edcia Civil. Lu\u00eds Antonio dos Santos, 31 anos, foi preso e levado para a 1\u00aa Delegacia, nos Barris. <\/p>\n<p>Em depoimento, o rodovi\u00e1rio disse ter roubado o ve\u00edculo que estava em uma oficina em Porto Seco Piraj\u00e1, na BR-324. Ao fazer a curva que liga o Vale dos Barris \u00e0 Garibaldi, ele acelerou e tentou jogar o coletivo dentro do Dique do Toror\u00f3. O ve\u00edculo ficou pendurado na margem.<br \/>\n<!--more--><br \/>\nA pol\u00edcia e o Corpo de Bombeiros foram chamados para tentar resgat\u00e1-lo, mas o condutor se negou a deixar o ve\u00edculo e pulou na \u00e1gua. Os policiais conseguiram det\u00ea-lo e o conduziram para a delegacia.<\/p>\n<p>O motorista contou que foi afastado pela empresa ap\u00f3s voltar de f\u00e9rias. Ele disse sofrer de depress\u00e3o e que faz tratamento no Centros de Aten\u00e7\u00e3o Psicossocial (CAPS), em \u00c1guas Claras. <\/p>\n<p>O rodovi\u00e1rio contou que os transtornos pscol\u00f3gicos ap\u00f3s a morte da esposa,  h\u00e1 cerca de seis meses, com quem teve um filho de sete meses. <\/p>\n<p>Reda\u00e7\u00e3o <a href = \"http:\/\/www.correio24horas.com.br\/noticias\/detalhes\/detalhes-1\/artigo\/motorista-demitido-tenta-arremessar-onibus-no-dique-do-tororo\/\" = target = \"_news\"><b>CORREIO DA BAHIA<\/b><\/a><\/p>\n<p>(Com informa\u00e7\u00f5es da rep\u00f3rter Ludmilla Cohim)<\/p>\n","protected":false},"excerpt":{"rendered":"<p>Rodovi\u00e1rio teria roubado o ve\u00edculo na garagem da empresa Modelo O \u00f4nibus que ficou pendurado na margem do Dique do Toror\u00f3 na tarde desta quinta-feira (21), foi jogado pelo motorista do ve\u00edculo, de acordo com informa\u00e7\u00f5es da Pol\u00edcia Civil. Lu\u00eds Antonio dos Santos, 31 anos, foi preso e levado para a 1\u00aa Delegacia, nos Barris. [&hellip;]<\/p>\n","protected":false},"author":2,"featured_media":0,"comment_status":"open","ping_status":"open","sticky":false,"template":"","format":"standard","meta":{"_links_to":"","_links_to_target":""},"categories":[13],"tags":[],"_links":{"self":[{"href":"https:\/\/www.r2cpress.com.br\/v1\/wp-json\/wp\/v2\/posts\/458"}],"collection":[{"href":"https:\/\/www.r2cpress.com.br\/v1\/wp-json\/wp\/v2\/posts"}],"about":[{"href":"https:\/\/www.r2cpress.com.br\/v1\/wp-json\/wp\/v2\/types\/post"}],"author":[{"embeddable":true,"href":"https:\/\/www.r2cpress.com.br\/v1\/wp-json\/wp\/v2\/users\/2"}],"replies":[{"embeddable":true,"href":"https:\/\/www.r2cpress.com.br\/v1\/wp-json\/wp\/v2\/comments?post=458"}],"version-history":[{"count":3,"href":"https:\/\/www.r2cpress.com.br\/v1\/wp-json\/wp\/v2\/posts\/458\/revisions"}],"predecessor-version":[{"id":462,"href":"https:\/\/www.r2cpress.com.br\/v1\/wp-json\/wp\/v2\/posts\/458\/revisions\/462"}],"wp:attachment":[{"href":"https:\/\/www.r2cpress.com.br\/v1\/wp-json\/wp\/v2\/media?parent=458"}],"wp:term":[{"taxonomy":"category","embeddable":true,"href":"https:\/\/www.r2cpress.com.br\/v1\/wp-json\/wp\/v2\/categories?post=458"},{"taxonomy":"post_tag","embeddable":true,"href":"https:\/\/www.r2cpress.com.br\/v1\/wp-json\/wp\/v2\/tags?post=458"}],"curies":[{"name":"wp","href":"https:\/\/api.w.org\/{rel}","templated":true}]}}