{"id":45883,"date":"2012-07-24T14:01:38","date_gmt":"2012-07-24T17:01:38","guid":{"rendered":"http:\/\/www.r2cpress.com.br\/v1\/?p=45883"},"modified":"2012-07-24T14:01:38","modified_gmt":"2012-07-24T17:01:38","slug":"teatro-popular-de-ilheus-monta-peca-sobre-greve-dos-escravos","status":"publish","type":"post","link":"https:\/\/www.r2cpress.com.br\/v1\/2012\/07\/24\/teatro-popular-de-ilheus-monta-peca-sobre-greve-dos-escravos\/","title":{"rendered":"Teatro Popular de Ilh\u00e9us monta pe\u00e7a sobre greve dos escravos"},"content":{"rendered":"<p>A primeira greve do Brasil, feita pelos escravos do Rio do Engenho, ser\u00e1 o tema da pr\u00f3xima montagem do Teatro Popular de Ilh\u00e9us (TPI). Intitulado <em>1789 \u2013 Engenho de Santana \u2013 uma revolu\u00e7\u00e3o hist\u00f3rica<\/em>, o espet\u00e1culo trar\u00e1 uma releitura sobre o acontecimento da Ilh\u00e9us colonial. O processo de produ\u00e7\u00e3o come\u00e7a em novembro, com pesquisa hist\u00f3rica e improvisa\u00e7\u00f5es. A estreia est\u00e1 prevista para janeiro de 2013.<\/p>\n<p>Assim como os demais espet\u00e1culos do Teatro Popular de Ilh\u00e9us, <em>1789 \u2013 Engenho de Santana \u2013 uma revolu\u00e7\u00e3o hist\u00f3rica <\/em>come\u00e7ar\u00e1 com a an\u00e1lise n\u00e3o apenas do fato que inspira a obra art\u00edstica, mas tamb\u00e9m sobre o contexto hist\u00f3rico da \u00e9poca. Os estudos do elenco ter\u00e3o suporte do historiador Marcelo Henrique Dias e do arque\u00f3logo Elvis Barbosa. O Terreiro Matamba Tombeci Neto, remanescente do Engenho de Santana, tamb\u00e9m estar\u00e1 envolvido no processo. \u201cEm 2008, fizemos uma s\u00e9rie de debates no projeto <em>Improviso, Oxente!<\/em> sobre o tema. Agora, aprofundaremos ainda mais a pesquisa\u201d, informou o autor e diretor Romualdo Lisboa.<\/p>\n<p>A pe\u00e7a foi uma das contempladas do edital setorial de teatro do Fundo de Cultura da Bahia e ser\u00e1 produzida por Pawlo Cidade, da Associa\u00e7\u00e3o Comunidade Tia Marita, entidade sociocultural. Entre mais de 200 propostas apresentadas, a montagem do TPI foi a \u00fanica selecionada do Litoral Sul. No ano passado, o esbo\u00e7o do texto venceu o edital de Apoio ao Desenvolvimento de Textos Dramat\u00fargicos no Estado da Bahia, promovido pela Funda\u00e7\u00e3o Cultural do Estado da Bahia, e nortear\u00e1 a constru\u00e7\u00e3o do espet\u00e1culo.<\/p>\n<p><strong>A hist\u00f3ria<\/strong><strong><\/strong><\/p>\n<p>A montagem come\u00e7ar\u00e1 numa f\u00e1brica de chocolate em Ilh\u00e9us no ano 2089, com os funcion\u00e1rios insatisfeitos, lembrando-se do ato hist\u00f3rico ocorrido 300 anos antes. Ent\u00e3o, haver\u00e1 um salto temporal que contar\u00e1 como aconteceu a rebeli\u00e3o dos escravos do Engenho de Santana, que dominaram o local por dois anos, reivindicando melhorias trabalhistas numa carta.<\/p>\n<p>Para Romualdo Lisboa, a rela\u00e7\u00e3o entre o Engenho e uma f\u00e1brica permitir\u00e1 um entendimento melhor a respeito da mobiliza\u00e7\u00e3o social como mecanismo de transforma\u00e7\u00e3o hist\u00f3rica, econ\u00f4mica e social. \u201cTanto o engenho de a\u00e7\u00facar quanto a ind\u00fastria de cacau tiveram grande relev\u00e2ncia para Ilh\u00e9us. Precisamos, hoje, promover revolu\u00e7\u00f5es, n\u00e3o como as provocadas pela opress\u00e3o de tiranos, mas pequenas revolu\u00e7\u00f5es cotidianas, de ideias e comportamento\u201d, explicou.<\/p>\n<p>&nbsp;<\/p>\n","protected":false},"excerpt":{"rendered":"<p>A primeira greve do Brasil, feita pelos escravos do Rio do Engenho, ser\u00e1 o tema da pr\u00f3xima montagem do Teatro Popular de Ilh\u00e9us (TPI). Intitulado 1789 \u2013 Engenho de Santana \u2013 uma revolu\u00e7\u00e3o hist\u00f3rica, o espet\u00e1culo trar\u00e1 uma releitura sobre o acontecimento da Ilh\u00e9us colonial. O processo de produ\u00e7\u00e3o come\u00e7a em novembro, com pesquisa hist\u00f3rica [&hellip;]<\/p>\n","protected":false},"author":2,"featured_media":0,"comment_status":"open","ping_status":"open","sticky":false,"template":"","format":"standard","meta":{"_links_to":"","_links_to_target":""},"categories":[5],"tags":[],"_links":{"self":[{"href":"https:\/\/www.r2cpress.com.br\/v1\/wp-json\/wp\/v2\/posts\/45883"}],"collection":[{"href":"https:\/\/www.r2cpress.com.br\/v1\/wp-json\/wp\/v2\/posts"}],"about":[{"href":"https:\/\/www.r2cpress.com.br\/v1\/wp-json\/wp\/v2\/types\/post"}],"author":[{"embeddable":true,"href":"https:\/\/www.r2cpress.com.br\/v1\/wp-json\/wp\/v2\/users\/2"}],"replies":[{"embeddable":true,"href":"https:\/\/www.r2cpress.com.br\/v1\/wp-json\/wp\/v2\/comments?post=45883"}],"version-history":[{"count":3,"href":"https:\/\/www.r2cpress.com.br\/v1\/wp-json\/wp\/v2\/posts\/45883\/revisions"}],"predecessor-version":[{"id":45886,"href":"https:\/\/www.r2cpress.com.br\/v1\/wp-json\/wp\/v2\/posts\/45883\/revisions\/45886"}],"wp:attachment":[{"href":"https:\/\/www.r2cpress.com.br\/v1\/wp-json\/wp\/v2\/media?parent=45883"}],"wp:term":[{"taxonomy":"category","embeddable":true,"href":"https:\/\/www.r2cpress.com.br\/v1\/wp-json\/wp\/v2\/categories?post=45883"},{"taxonomy":"post_tag","embeddable":true,"href":"https:\/\/www.r2cpress.com.br\/v1\/wp-json\/wp\/v2\/tags?post=45883"}],"curies":[{"name":"wp","href":"https:\/\/api.w.org\/{rel}","templated":true}]}}