{"id":46107,"date":"2012-07-26T19:12:36","date_gmt":"2012-07-26T22:12:36","guid":{"rendered":"http:\/\/www.r2cpress.com.br\/v1\/?p=46107"},"modified":"2012-07-26T19:12:36","modified_gmt":"2012-07-26T22:12:36","slug":"psicomundo-seres-humanos-presos-nas-controversias-do-mundo","status":"publish","type":"post","link":"https:\/\/www.r2cpress.com.br\/v1\/2012\/07\/26\/psicomundo-seres-humanos-presos-nas-controversias-do-mundo\/","title":{"rendered":"PSICOMUNDO \u2013 SERES HUMANOS PRESOS NAS CONTROVERSIAS DO MUNDO"},"content":{"rendered":"<p><img loading=\"lazy\" class=\"alignleft\" src=\"http:\/\/www.r2cpress.com.br\/v1\/wp-content\/uploads\/eduardo-afondo-cortado_150.jpg\" alt=\"\" width=\"150\" height=\"154\" \/>Estamos vivendo uma expectativa muito perigosa para a situa\u00e7\u00e3o de vida dos jovens em nosso Pa\u00eds. Eles est\u00e3o se tornando vis\u00edveis v\u00edtimas de um sistema familiar em que destroem todos os dias seus sonhos, trazendo duras e \u00e1speras realidades. E n\u00e3o sabemos como iniciar uma trajet\u00f3ria que mostre os caminhos de volta para sua garantia, orientando-os para que sejam pessoas felizes, s\u00f3brias e dedicadas a si mesmas. O fato de que os adolescentes geralmente ainda n\u00e3o iniciaram atividades de trabalho mais consistentes \u00e9 uma das raz\u00f5es da entrada deles na insuport\u00e1vel fase utilizando os crimes para sua resist\u00eancia. V\u00e3o se ampliando essas enfermidades estruturais surgem pela falta de consci\u00eancia de seu temperamento, sua personalidade e amor pr\u00f3prio.<\/p>\n<p>Fica muito dif\u00edcil, se no mundo que vivemos, os jovens mudam de vida, sem existir a necess\u00e1ria harmonia de bons exemplos extra\u00eddos da sua fam\u00edlia. Esse \u00e9 o primeiro caminho onde percorre e observam na conduta dos seus pais uma estrada direcionada para seguirem o bem ou mal! De qualquer forma, o n\u00facleo do problema est\u00e1 no grupo social dos adolescentes e jovens pobres. A explos\u00e3o da popula\u00e7\u00e3o faz crescer o contingente de pessoas em busca da sobreviv\u00eancia para sair da fome e da mis\u00e9ria, e nem todos os meios os levam ao alcance dessa vit\u00f3ria insana e desigual! E s\u00f3 entendem essas a\u00e7\u00f5es ou estados de coisas quem passou ou passa dificuldade, e sabe que nasceu, viveu e espera morrer com um pouco dignidade.<\/p>\n<p>Eles quase n\u00e3o aparecem na m\u00eddia, diferentemente de v\u00edtimas pertencentes \u00e0 classe m\u00e9dia, meninos de rua assassinados por grupos de exterm\u00ednio e cidad\u00e3os comuns, de v\u00e1rios grupos sociais, mortos por balas perdidas ou pela brutalidade policial. Assim caminham as catastr\u00f3ficas dores do crescimento populacional e para as pessoas envolvidas profissionalmente com adolescentes que transformaram em criminosos, perder um menor com o qual existia um la\u00e7o afetivo \u00e9 um tipo de sofrimento que faz parte do seu trabalho di\u00e1rio, \u00e9 como se fosse ceifada a vida de um filho.<\/p>\n<p><!--more--><\/p>\n<p>Hoje o que vemos no Brasil s\u00e3o os pres\u00eddios e casas de menores infratores cheias de jovens, principalmente, muitos que abandonaram suas fam\u00edlias e olham como rota de vida as drogas. Foram elevados ao mundo de crimes e diante de tantas fam\u00edlias pobres financeiramente, sofrem os desconfortos de verificar as agonias dos seus pais. N\u00e3o t\u00eam mando disciplinar que os ajude a serem homens dignos, decentes e com a merecida paz. Os adolescentes foram as maiores v\u00edtimas das crises econ\u00f4micas do Brasil nas \u00faltimas d\u00e9cadas. S\u00e3o colocados no mundo sem nenhuma prepara\u00e7\u00e3o e responsabilidade de planejamento familiar. Que n\u00e3o seja a \u201cbalsa-familia\u201d uma consequ\u00eancia tr\u00e1gica dessa fatalidade de propor\u00e7\u00f5es indesejadas!<\/p>\n<p>Todos podem ver com muita tristeza que noticiam um modelo de mundo cheio de exemplos descabidos, manchetes de televis\u00e3o mostrando quantos adolescentes est\u00e3o vivendo em pres\u00eddio com celas que mais parecem cloacas, numa dura realidade que n\u00e3o pediram aos seus genitores! Muito desprez\u00edvel assistir cenas dessa natureza. Muitos pol\u00edticos incautos e governantes desse Pa\u00eds est\u00e3o por a\u00ed afirmando que o Brasil vai bem, outros dizendo que a Bahia \u00e9 Terra de todos n\u00f3s! Os moradores da Bahia t\u00e3o barbaramente maltratada assistem a insist\u00eancia tacanha dos poderes p\u00fablicos, deixando o pessoal do ensino educacional sem nenhuma solu\u00e7\u00e3o de um calend\u00e1rio que tragam os jovens \u00e0s salas de aulas e ofere\u00e7am maior grau de responsabilidade em que: \u201ceducar as crian\u00e7as para que n\u00e3o seja necess\u00e1rio punir homens\u201d! J\u00e1 imaginaram se as escolas dos bons costumes fechar as suas portas?<\/p>\n<p>\u00c9 necess\u00e1ria a uni\u00e3o da nossa sociedade pedindo aos C\u00e9us, com tempo real de f\u00e9 e esperan\u00e7a, buscando os des\u00edgnios de Deus, pois temos a grande preocupa\u00e7\u00e3o \u00e9 com esse jovem atual, que est\u00e3o tocando fogo em pessoas, praticam assaltos \u00e0 m\u00e3o armada e latroc\u00ednios fomentados por gente grande no universo do crime. S\u00e3o predadores da sociedade, capazes de matar e torturar seres humanos, desconhecendo a Justi\u00e7a e os seus pr\u00f3prios desmandos com requintes de crueldades.<\/p>\n<p>\u00c9 a superposi\u00e7\u00e3o dessas ondas, relativas a v\u00e1rias gera\u00e7\u00f5es, que explica boa parte do aumento do crime nessa d\u00e9cada. O aumento da taxa de homic\u00eddios causado por essas gera\u00e7\u00f5es jogadas no crime tende a perdurar por v\u00e1rios anos. Na verdade, essas ondas de viol\u00eancia v\u00e3o caindo lentamente, \u00e0 medida que os jovens criminosos se v\u00e3o matando uns aos outros. Se observarmos bem, \u00e9 como se estiv\u00e9ssemos assistindo a pena de morte informal, decretada pela falta de a\u00e7\u00f5es governamentais que nada fazem para buscar meios de oferecer meios para mostrar pela educa\u00e7\u00e3o social a pr\u00e1tica do bem.<\/p>\n<p>\u201cPecar pelo sil\u00eancio, quando se deveria protestar, transforma homens em covardes\u201d \u2013 Abraham Lincol \u201cPara servir a Deus ningu\u00e9m necessita sair do seu pr\u00f3prio lugar ou reinvidicar condi\u00e7\u00f5es diferentes que possui\u201d. Chico Xavier &#8220;O bem que voc\u00ea faz \u00e9 teu advogado em qualquer parte\u201d. Emmanuel<\/p>\n<p>PENSEM NISSO!!!<\/p>\n<p>Eduardo Afonso \u2013 73 8844-9147 \u2013 Ilh\u00e9us-Bahia<\/p>\n","protected":false},"excerpt":{"rendered":"<p>Estamos vivendo uma expectativa muito perigosa para a situa\u00e7\u00e3o de vida dos jovens em nosso Pa\u00eds. Eles est\u00e3o se tornando vis\u00edveis v\u00edtimas de um sistema familiar em que destroem todos os dias seus sonhos, trazendo duras e \u00e1speras realidades. E n\u00e3o sabemos como iniciar uma trajet\u00f3ria que mostre os caminhos de volta para sua garantia, [&hellip;]<\/p>\n","protected":false},"author":2,"featured_media":0,"comment_status":"open","ping_status":"open","sticky":false,"template":"","format":"standard","meta":{"_links_to":"","_links_to_target":""},"categories":[10],"tags":[],"_links":{"self":[{"href":"https:\/\/www.r2cpress.com.br\/v1\/wp-json\/wp\/v2\/posts\/46107"}],"collection":[{"href":"https:\/\/www.r2cpress.com.br\/v1\/wp-json\/wp\/v2\/posts"}],"about":[{"href":"https:\/\/www.r2cpress.com.br\/v1\/wp-json\/wp\/v2\/types\/post"}],"author":[{"embeddable":true,"href":"https:\/\/www.r2cpress.com.br\/v1\/wp-json\/wp\/v2\/users\/2"}],"replies":[{"embeddable":true,"href":"https:\/\/www.r2cpress.com.br\/v1\/wp-json\/wp\/v2\/comments?post=46107"}],"version-history":[{"count":2,"href":"https:\/\/www.r2cpress.com.br\/v1\/wp-json\/wp\/v2\/posts\/46107\/revisions"}],"predecessor-version":[{"id":46109,"href":"https:\/\/www.r2cpress.com.br\/v1\/wp-json\/wp\/v2\/posts\/46107\/revisions\/46109"}],"wp:attachment":[{"href":"https:\/\/www.r2cpress.com.br\/v1\/wp-json\/wp\/v2\/media?parent=46107"}],"wp:term":[{"taxonomy":"category","embeddable":true,"href":"https:\/\/www.r2cpress.com.br\/v1\/wp-json\/wp\/v2\/categories?post=46107"},{"taxonomy":"post_tag","embeddable":true,"href":"https:\/\/www.r2cpress.com.br\/v1\/wp-json\/wp\/v2\/tags?post=46107"}],"curies":[{"name":"wp","href":"https:\/\/api.w.org\/{rel}","templated":true}]}}