{"id":4611,"date":"2010-12-16T14:03:26","date_gmt":"2010-12-16T17:03:26","guid":{"rendered":"http:\/\/www.r2cpress.com.br\/v1\/?p=4611"},"modified":"2010-12-16T14:03:26","modified_gmt":"2010-12-16T17:03:26","slug":"ficc-e-prefeitura-realizam-natal-de-todos-na-praca-camaca","status":"publish","type":"post","link":"https:\/\/www.r2cpress.com.br\/v1\/2010\/12\/16\/ficc-e-prefeitura-realizam-natal-de-todos-na-praca-camaca\/","title":{"rendered":"FICC  e Prefeitura Realizam Natal  de Todos na Pra\u00e7a Camac\u00e3"},"content":{"rendered":"<p>Com o objetivo de trazer para a popula\u00e7\u00e3o itabunense o verdadeiro esp\u00edrito natalino, que acontece e se propaga neste m\u00eas de dezembro com o nascimento do Menino Jesus armando um pres\u00e9pio na Pra\u00e7a Camac\u00e3, com figuras b\u00edblicas em seu tamanho real,  a Funda\u00e7\u00e3o Itabunense de Cultura e Cidadania e a Prefeitura Municipal de Itabuna promovem pelo segundo ano consecutivo  o \u201cNatal de Todos\u201d. <\/p>\n<p>A id\u00e9ia do projeto surgiu atrav\u00e9s do presidente da FICC, escritor e poeta Cyro de Mattos, ainda no ano de 2009. Os tr\u00eas Reis Magos, Maria, Jos\u00e9, o Menino Jesus, o anjo, o galo, a vaca, o jumento e os tr\u00eas carneiros, todos feitos de fibras, s\u00e3o as figuras  que comp\u00f5em o pres\u00e9pio armado na pra\u00e7a Camac\u00e3,  todos eles confeccionados pelo artista pl\u00e1stico e cen\u00f3grafo Giovane Tavares.  <\/p>\n<p><!--more--><\/p>\n<p>A exposi\u00e7\u00e3o do pres\u00e9pio teve in\u00edcio no dia 10 de dezembro e ficar\u00e1 at\u00e9 o dia 6 de Janeiro de 2011. Segundo informa\u00e7\u00f5es do Assessor de A\u00e7\u00f5es Culturais e Cidadania da FICC, Beto Dourado, o sucesso desse projeto reflete-se na visita\u00e7\u00e3o constante da popula\u00e7\u00e3o, com uma m\u00e9dia di\u00e1ria de aproximadamente 800 pessoas, que circulam pela pra\u00e7a. Assim que v\u00eaem o pres\u00e9pio ficam admiradas e encantadas com a atmosfera de sonho e religiosidade transmitidas pelos  personagens do nascimento do Menino Jesus. Muitas  tiram fotos do pres\u00e9pio para levar como lembran\u00e7a natalina. <\/p>\n<p>O diretor-administrativo da FICC, Fred silva, esclarece que  esse fluxo de pessoas aumenta perto dos dias da data comemorativa do Natal. Para ele, as \u00e1rvores de Natal \u00e9 outro destaque do pres\u00e9pio, todas feitas de material recicl\u00e1vel, garrafas pet, as quais s\u00e3o doadas por catadores de mat\u00e9rias recicl\u00e1veis da cidade. Ap\u00f3s o t\u00e9rmino do projeto, todo o material \u00e9 devolvido para os catadores para que sejam usados com outras finalidades,<br \/>\n O  presidente Cyro de Mattos afirma que a id\u00e9ia da FICC ao utilizar esse  material recicl\u00e1vel na confec\u00e7\u00e3o das \u00e1rvores de Natal \u00e9  alertar a popula\u00e7\u00e3o Itabunense sobre a  necessidade da utiliza\u00e7\u00e3o de materiais reciclagens nos dias de hoje.como alternativa de fazer renda e atenuar a sobreviv\u00eancia.<\/p>\n<p>O Projeto Natal de Todos conta ainda, neste ano,  com a apresenta\u00e7\u00e3o do Auto de Natal, dirigido por Marquinho N\u00f4,  de m\u00fasicas natalinas por corais e pela  cantora gospel Aidimes Aquino, no palco que ser\u00e1 montado na pra\u00e7a, durante o per\u00edodo entre 20 a 23 deste m\u00eas.    <\/p>\n","protected":false},"excerpt":{"rendered":"<p>Com o objetivo de trazer para a popula\u00e7\u00e3o itabunense o verdadeiro esp\u00edrito natalino, que acontece e se propaga neste m\u00eas de dezembro com o nascimento do Menino Jesus armando um pres\u00e9pio na Pra\u00e7a Camac\u00e3, com figuras b\u00edblicas em seu tamanho real, a Funda\u00e7\u00e3o Itabunense de Cultura e Cidadania e a Prefeitura Municipal de Itabuna promovem [&hellip;]<\/p>\n","protected":false},"author":2,"featured_media":0,"comment_status":"open","ping_status":"open","sticky":false,"template":"","format":"standard","meta":{"_links_to":"","_links_to_target":""},"categories":[15],"tags":[],"_links":{"self":[{"href":"https:\/\/www.r2cpress.com.br\/v1\/wp-json\/wp\/v2\/posts\/4611"}],"collection":[{"href":"https:\/\/www.r2cpress.com.br\/v1\/wp-json\/wp\/v2\/posts"}],"about":[{"href":"https:\/\/www.r2cpress.com.br\/v1\/wp-json\/wp\/v2\/types\/post"}],"author":[{"embeddable":true,"href":"https:\/\/www.r2cpress.com.br\/v1\/wp-json\/wp\/v2\/users\/2"}],"replies":[{"embeddable":true,"href":"https:\/\/www.r2cpress.com.br\/v1\/wp-json\/wp\/v2\/comments?post=4611"}],"version-history":[{"count":2,"href":"https:\/\/www.r2cpress.com.br\/v1\/wp-json\/wp\/v2\/posts\/4611\/revisions"}],"predecessor-version":[{"id":4613,"href":"https:\/\/www.r2cpress.com.br\/v1\/wp-json\/wp\/v2\/posts\/4611\/revisions\/4613"}],"wp:attachment":[{"href":"https:\/\/www.r2cpress.com.br\/v1\/wp-json\/wp\/v2\/media?parent=4611"}],"wp:term":[{"taxonomy":"category","embeddable":true,"href":"https:\/\/www.r2cpress.com.br\/v1\/wp-json\/wp\/v2\/categories?post=4611"},{"taxonomy":"post_tag","embeddable":true,"href":"https:\/\/www.r2cpress.com.br\/v1\/wp-json\/wp\/v2\/tags?post=4611"}],"curies":[{"name":"wp","href":"https:\/\/api.w.org\/{rel}","templated":true}]}}