{"id":46115,"date":"2012-07-26T19:22:07","date_gmt":"2012-07-26T22:22:07","guid":{"rendered":"http:\/\/www.r2cpress.com.br\/v1\/?p=46115"},"modified":"2012-07-26T19:22:07","modified_gmt":"2012-07-26T22:22:07","slug":"boletim-eletronico-da-agencia-camara-de-noticias-19","status":"publish","type":"post","link":"https:\/\/www.r2cpress.com.br\/v1\/2012\/07\/26\/boletim-eletronico-da-agencia-camara-de-noticias-19\/","title":{"rendered":"Boletim Eletr\u00f4nico da Ag\u00eancia C\u00e2mara de Not\u00edcias"},"content":{"rendered":"<table width=\"700\" border=\"0\" cellspacing=\"0\" cellpadding=\"0\" align=\"center\">\n<tbody>\n<tr>\n<td colspan=\"2\">\n<h2>Manchetes do dia<\/h2>\n<\/td>\n<\/tr>\n<tr>\n<td colspan=\"2\">\n<ul>\n<li><a title=\"\" href=\"http:\/\/www2.camara.gov.br\/agencia\/noticias\/POLITICA\/423053-CPMI-VAI-OUVIR-MULHER-DE-CACHOEIRA-NO-PROXIMO-DIA-7.html\" target=\"_blank\">CPMI vai ouvir mulher de Cachoeira no pr\u00f3ximo dia 7<\/a><\/li>\n<li><a title=\"\" href=\"http:\/\/www2.camara.gov.br\/agencia\/noticias\/SAUDE\/423054-PROJETO-FIXA-PRAZOS-PARA-ACESSO-A-CONSULTAS-E-PROCEDIMENTOS-MEDICOS.html\" target=\"_blank\">Projeto fixa prazos para acesso a consultas e procedimentos m\u00e9dicos<\/a><\/li>\n<li><a title=\"\" href=\"http:\/\/www2.camara.gov.br\/agencia\/noticias\/CONSUMIDOR\/423049-PROJETO-PREVE-GRATUIDADE-E-TEMPO-MINIMO-PARA-ATENDIMENTO-TELEFONICO-DE-BANCOS.html\" target=\"_blank\">Projeto prev\u00ea gratuidade e tempo m\u00ednimo para atendimento telef\u00f4nico de bancos<\/a><\/li>\n<\/ul>\n<\/td>\n<\/tr>\n<tr>\n<td colspan=\"2\"><\/td>\n<\/tr>\n<tr>\n<td colspan=\"2\">\n<table width=\"100%\" border=\"0\" cellspacing=\"0\" cellpadding=\"0\">\n<tbody>\n<tr>\n<td>\n<table width=\"100%\" border=\"0\" cellspacing=\"0\" cellpadding=\"0\">\n<tbody>\n<tr>\n<td rowspan=\"2\" valign=\"top\" width=\"70%\">\n<table width=\"100%\" border=\"0\" cellspacing=\"0\" cellpadding=\"0\">\n<tbody>\n<tr bgcolor=\"#FFFFFF\">\n<td>\n<h2>ADMINISTRA\u00c7\u00c3O P\u00daBLICA<\/h2>\n<\/td>\n<\/tr>\n<tr>\n<td>\n<ul>\n<li><a title=\"\" href=\"http:\/\/www2.camara.gov.br\/agencia\/noticias\/DIREITOS-HUMANOS\/423027-PROPOSTA-DEFINE-SURDEZ-DE-UM-OUVIDO-COMO-DEFICIENCIA.html\" target=\"_blank\">Proposta define surdez de um ouvido como defici\u00eancia<\/a><\/li>\n<li><a title=\"\" href=\"http:\/\/www2.camara.gov.br\/agencia\/noticias\/ADMINISTRACAO-PUBLICA\/423042-PROJETO-CRIA-REGRAS-PARA-AUMENTAR-FISCALIZACAO-DE-CONVENIOS-COM-ONGS.html\" target=\"_blank\">Projeto cria regras para aumentar fiscaliza\u00e7\u00e3o de conv\u00eanios com ONGs<\/a><\/li>\n<li><a title=\"\" href=\"http:\/\/www2.camara.gov.br\/agencia\/noticias\/EDUCACAO-E-CULTURA\/423051-PEC-CRIA-BONUS-PARA-ESTIMULAR-PROFESSOR-A-ATUAR-EM-SALA-DE-AULA.html\" target=\"_blank\">PEC cria b\u00f4nus para estimular professor a atuar em sala de aula<\/a><\/li>\n<\/ul>\n<\/td>\n<\/tr>\n<tr bgcolor=\"#FFFFFF\">\n<td>\n<h2>AGROPECU\u00c1RIA<\/h2>\n<\/td>\n<\/tr>\n<tr>\n<td>\n<ul>\n<li><a title=\"\" href=\"http:\/\/www2.camara.gov.br\/agencia\/noticias\/MEIO-AMBIENTE\/423052-PROPOSTA-CRIA-SELO-VERDE-PARA-PLANTIO-SUSTENTAVEL-DE-CACAU.html\" target=\"_blank\">Proposta cria selo verde para plantio sustent\u00e1vel de cacau<\/a><\/li>\n<\/ul>\n<\/td>\n<\/tr>\n<tr bgcolor=\"#FFFFFF\">\n<td>\n<h2>CONSUMIDOR<\/h2>\n<\/td>\n<\/tr>\n<tr>\n<td>\n<ul>\n<li><a title=\"\" href=\"http:\/\/www2.camara.gov.br\/agencia\/noticias\/INDUSTRIA-E-COMERCIO\/423059-PROJETO-ISENTA-DE-IPI-CARRO-COMPRADO-POR-REPRESENTANTE-COMERCIAL.html\" target=\"_blank\">Projeto isenta de IPI carro comprado por representante comercial<\/a><\/li>\n<\/ul>\n<\/td>\n<\/tr>\n<tr bgcolor=\"#FFFFFF\">\n<td>\n<h2>DIREITO E JUSTI\u00c7A<\/h2>\n<\/td>\n<\/tr>\n<tr>\n<td>\n<ul>\n<li><a title=\"\" href=\"http:\/\/www2.camara.gov.br\/agencia\/noticias\/ECONOMIA\/423050-VEICULO-UTILIZADO-POR-CIRCO-PODERA-FICAR-ISENTO-DE-IPI.html\" target=\"_blank\">Ve\u00edculo utilizado por circo poder\u00e1 ficar isento de IPI<\/a><\/li>\n<li><a title=\"\" href=\"http:\/\/www2.camara.gov.br\/agencia\/noticias\/SAUDE\/423056-PROPOSTA-PERMITE-INTERDICAO-CAUTELAR-DE-LABORATORIOS-POR-TEMPO-INDETERMINADO.html\" target=\"_blank\">Proposta permite interdi\u00e7\u00e3o cautelar de laborat\u00f3rios por tempo indeterminado<\/a><\/li>\n<\/ul>\n<\/td>\n<\/tr>\n<tr bgcolor=\"#FFFFFF\">\n<td>\n<h2>ESPORTES<\/h2>\n<\/td>\n<\/tr>\n<tr>\n<td>\n<ul>\n<li><a title=\"\" href=\"http:\/\/www2.camara.gov.br\/agencia\/noticias\/ESPORTES\/423061-TORCIDA-PODERA-SER-OBRIGADA-A-FAZER-RECADASTRAMENTO-DUAS-VEZES-AO-ANO.html\" target=\"_blank\">Torcida poder\u00e1 ser obrigada a fazer recadastramento duas vezes ao ano<\/a><\/li>\n<\/ul>\n<\/td>\n<\/tr>\n<tr bgcolor=\"#FFFFFF\">\n<td>\n<h2>TRANSPORTE E TR\u00c2NSITO<\/h2>\n<\/td>\n<\/tr>\n<tr>\n<td>\n<ul>\n<li><a title=\"\" href=\"http:\/\/www2.camara.gov.br\/agencia\/noticias\/TRANSPORTE-E-TRANSITO\/423065-USO-DE-FAROIS-BAIXOS-EM-RODOVIAS-PODERA-SER-OBRIGATORIO.html\" target=\"_blank\">Uso de far\u00f3is baixos em rodovias poder\u00e1 ser obrigat\u00f3rio<\/a><\/li>\n<\/ul>\n<\/td>\n<\/tr>\n<\/tbody>\n<\/table>\n<\/td>\n<\/tr>\n<\/tbody>\n<\/table>\n<\/td>\n<\/tr>\n<\/tbody>\n<\/table>\n<\/td>\n<\/tr>\n<\/tbody>\n<\/table>\n","protected":false},"excerpt":{"rendered":"<p>Manchetes do dia CPMI vai ouvir mulher de Cachoeira no pr\u00f3ximo dia 7 Projeto fixa prazos para acesso a consultas e procedimentos m\u00e9dicos Projeto prev\u00ea gratuidade e tempo m\u00ednimo para atendimento telef\u00f4nico de bancos ADMINISTRA\u00c7\u00c3O P\u00daBLICA Proposta define surdez de um ouvido como defici\u00eancia Projeto cria regras para aumentar fiscaliza\u00e7\u00e3o de conv\u00eanios com ONGs PEC [&hellip;]<\/p>\n","protected":false},"author":2,"featured_media":0,"comment_status":"open","ping_status":"open","sticky":false,"template":"","format":"standard","meta":{"_links_to":"","_links_to_target":""},"categories":[18],"tags":[],"_links":{"self":[{"href":"https:\/\/www.r2cpress.com.br\/v1\/wp-json\/wp\/v2\/posts\/46115"}],"collection":[{"href":"https:\/\/www.r2cpress.com.br\/v1\/wp-json\/wp\/v2\/posts"}],"about":[{"href":"https:\/\/www.r2cpress.com.br\/v1\/wp-json\/wp\/v2\/types\/post"}],"author":[{"embeddable":true,"href":"https:\/\/www.r2cpress.com.br\/v1\/wp-json\/wp\/v2\/users\/2"}],"replies":[{"embeddable":true,"href":"https:\/\/www.r2cpress.com.br\/v1\/wp-json\/wp\/v2\/comments?post=46115"}],"version-history":[{"count":3,"href":"https:\/\/www.r2cpress.com.br\/v1\/wp-json\/wp\/v2\/posts\/46115\/revisions"}],"predecessor-version":[{"id":46118,"href":"https:\/\/www.r2cpress.com.br\/v1\/wp-json\/wp\/v2\/posts\/46115\/revisions\/46118"}],"wp:attachment":[{"href":"https:\/\/www.r2cpress.com.br\/v1\/wp-json\/wp\/v2\/media?parent=46115"}],"wp:term":[{"taxonomy":"category","embeddable":true,"href":"https:\/\/www.r2cpress.com.br\/v1\/wp-json\/wp\/v2\/categories?post=46115"},{"taxonomy":"post_tag","embeddable":true,"href":"https:\/\/www.r2cpress.com.br\/v1\/wp-json\/wp\/v2\/tags?post=46115"}],"curies":[{"name":"wp","href":"https:\/\/api.w.org\/{rel}","templated":true}]}}