{"id":46124,"date":"2012-07-26T20:01:29","date_gmt":"2012-07-26T23:01:29","guid":{"rendered":"http:\/\/www.r2cpress.com.br\/v1\/?p=46124"},"modified":"2012-07-26T20:01:29","modified_gmt":"2012-07-26T23:01:29","slug":"maestro-ubiratan-marques-realiza-workshop-de-arranjo-para-orquestras-em-ilheus","status":"publish","type":"post","link":"https:\/\/www.r2cpress.com.br\/v1\/2012\/07\/26\/maestro-ubiratan-marques-realiza-workshop-de-arranjo-para-orquestras-em-ilheus\/","title":{"rendered":"Maestro Ubiratan Marques realiza Workshop de Arranjo Para Orquestras em Ilh\u00e9us"},"content":{"rendered":"<p>A Orquestra Afro Sinf\u00f4nica inicia a temporada Concertos de Circula\u00e7\u00e3o 2012 abrindo oficialmente o Festival Amar Amado, dia 04 de agosto, \u00e0s 19 horas, no Teatro Municipal de Ilh\u00e9us e promove o Workshop de Arranjo Para Orquestras, com o Maestro Ubiratan Marques.<\/p>\n<p>Ser\u00e3o oferecidas 20 vagas para estudantes e profissionais da \u00e1rea de m\u00fasica, que dever\u00e3o ter no m\u00ednimo 16 anos e leitura b\u00e1sica de partitura. As inscri\u00e7\u00f5es para o workshop s\u00e3o gratuitas e poder\u00e3o ser feitas at\u00e9 o dia 03 de agosto no Teatro Municipal de Ilh\u00e9us, Rua Jorge Amado, s\/no Centro ou pelo site www.culturailheus.com.br. O curso ser\u00e1 realizado \u00e0s 17 horas do dia 04 de agosto, no audit\u00f3rio da Funda\u00e7\u00e3o Cultural de Ilh\u00e9us.<\/p>\n<p>Criada em 2008 pelo Maestro Ubiratan Marques, a Orquestra Afro Sinf\u00f4nica mant\u00e9m em seu conjunto a mesma estrutura de uma orquestra tradicional, com todos os seus nipes de cordas, madeiras, metais e percuss\u00e3o e incorpora alguns instrumentos regionais, como xequer\u00eas e tambores, unindo peso e as nuances sinf\u00f4nicas \u00e0 personalidade particular dos arranjos africanos, fazendo a fus\u00e3o entre o jazz e os conceitos europeus e americanos sinf\u00f4nico, promovendo novas tend\u00eancias e novos repert\u00f3rios.<\/p>\n<p>O Maestro Ubiratan Marques \u00e9 pianista, compositor, arranjador, produtor musical e regente. Natural de Salvador, Bahia, iniciou seus estudos autodid\u00e1ticos em 1983. Ingressou em 1986 na Universidade Federal da Bahia, onde estudou composi\u00e7\u00e3o com Ernest Widmer, Lindenberg Cardoso e Agnaldo Ribeiro. Em 1994 ingressou na Universidade Livre de M\u00fasica Tom Jobim, onde estudou com Roberto Faria, Cyro Pereira e H. J. Kollreutter. Em 1998 ingressou nos estudos de filosofia, onde desenvolveu diversos projetos integrados a m\u00fasica. Trabalhou com, Ger\u00f4nimo, Jorge Mautner, Z\u00e9 Miguel Wisnik, Jos\u00e9 Celso Martinez, Maria Alcina, Gilberto Gil, Luiz Melodia, Roberto Sion, Maria Dapaz, Lu\u00eds Avelima, Batatinha, Netinho, Toni Garrido, Bocato, Johnny Alf, Chico C\u00e9sar, Ione Papas, Tito Bahiense, Ed Motta, Luciana Mello, Lazzo Matumbi,  Wilson Simoninha, Cl\u00e1udio Zoli, Banda Reflexu\u2019s entre outros. Fez os arranjos dos discos Kabiessel\u00ea e Maria Dapaz Indicados ao Grammy Latino. Em 2000 comp\u00f4s, em parceria com o cantor Ger\u00f4nimo, a pe\u00e7a Orix\u00e1s pra mais de 500 para o diretor art\u00edstico da Jazz Sinf\u00f4nica Marcelo Jaff\u00e9. Em 2004 foi convidado pelo maestro Jo\u00e3o Maur\u00edcio Galindo para participar do projeto \u201cCompositores Brasileiros\u201d ao lado de Ernani Aguiar. Fundou junto ao Projeto Guri,  a Orquestra Zumbi dos Palmares, trabalho sinf\u00f4nico voltado para a cultura negra, onde foi regente e dirigiu por dois anos crian\u00e7as entre oito e dezoito anos e, em 2006, escreveu a su\u00edte afro \u201cTerra da Vida\u201d, interpretada pela Jazz Sinf\u00f4nica. Foi professor do Centro de Estudos Musical Tom Jobim por 10 anos. Atualmente \u00e9 produtor musical do Doctv Ibero Am\u00e9rica, fez as trilhas dos filmes Terras de Preto, de Marcelo Brito, e Voc\u00ea J\u00e1 Foi \u00e0 Bahia Nega?, de Paulo Alcoforado. Trabalha como arranjador da Jazz Sinf\u00f4nica, Orquestra Tom Jobim  e, junto com Siz\u00e3o Machado, Nen\u00ea, Beto Angerosa e Bruno Oliveira, forma o grupo instrumental \u201cT\u00eaRR\u00eaRo de Jesus\u201c.<\/p>\n<p>Mais informa\u00e7\u00f5es atrav\u00e9s do e-mail salamandraproducoes@gmail.com ou telefone 73 3634-4721<\/p>\n","protected":false},"excerpt":{"rendered":"<p>A Orquestra Afro Sinf\u00f4nica inicia a temporada Concertos de Circula\u00e7\u00e3o 2012 abrindo oficialmente o Festival Amar Amado, dia 04 de agosto, \u00e0s 19 horas, no Teatro Municipal de Ilh\u00e9us e promove o Workshop de Arranjo Para Orquestras, com o Maestro Ubiratan Marques. Ser\u00e3o oferecidas 20 vagas para estudantes e profissionais da \u00e1rea de m\u00fasica, que [&hellip;]<\/p>\n","protected":false},"author":2,"featured_media":0,"comment_status":"open","ping_status":"open","sticky":false,"template":"","format":"standard","meta":{"_links_to":"","_links_to_target":""},"categories":[5],"tags":[],"_links":{"self":[{"href":"https:\/\/www.r2cpress.com.br\/v1\/wp-json\/wp\/v2\/posts\/46124"}],"collection":[{"href":"https:\/\/www.r2cpress.com.br\/v1\/wp-json\/wp\/v2\/posts"}],"about":[{"href":"https:\/\/www.r2cpress.com.br\/v1\/wp-json\/wp\/v2\/types\/post"}],"author":[{"embeddable":true,"href":"https:\/\/www.r2cpress.com.br\/v1\/wp-json\/wp\/v2\/users\/2"}],"replies":[{"embeddable":true,"href":"https:\/\/www.r2cpress.com.br\/v1\/wp-json\/wp\/v2\/comments?post=46124"}],"version-history":[{"count":2,"href":"https:\/\/www.r2cpress.com.br\/v1\/wp-json\/wp\/v2\/posts\/46124\/revisions"}],"predecessor-version":[{"id":46126,"href":"https:\/\/www.r2cpress.com.br\/v1\/wp-json\/wp\/v2\/posts\/46124\/revisions\/46126"}],"wp:attachment":[{"href":"https:\/\/www.r2cpress.com.br\/v1\/wp-json\/wp\/v2\/media?parent=46124"}],"wp:term":[{"taxonomy":"category","embeddable":true,"href":"https:\/\/www.r2cpress.com.br\/v1\/wp-json\/wp\/v2\/categories?post=46124"},{"taxonomy":"post_tag","embeddable":true,"href":"https:\/\/www.r2cpress.com.br\/v1\/wp-json\/wp\/v2\/tags?post=46124"}],"curies":[{"name":"wp","href":"https:\/\/api.w.org\/{rel}","templated":true}]}}