{"id":46142,"date":"2012-07-26T22:41:05","date_gmt":"2012-07-27T01:41:05","guid":{"rendered":"http:\/\/www.r2cpress.com.br\/v1\/?p=46142"},"modified":"2012-07-26T22:45:08","modified_gmt":"2012-07-27T01:45:08","slug":"daniel-gomes-neto-e-a-quadrilha-junina-asa-branca","status":"publish","type":"post","link":"https:\/\/www.r2cpress.com.br\/v1\/2012\/07\/26\/daniel-gomes-neto-e-a-quadrilha-junina-asa-branca\/","title":{"rendered":"DANIEL GOMES NETO E A QUADRILHA JUNINA ASA BRANCA"},"content":{"rendered":"<p><img loading=\"lazy\" alt=\"\" src=\"http:\/\/www.r2cpress.com.br\/v1\/wp-content\/uploads\/Daniel-Neto_COLOR.jpg\" class=\"alignleft\" width=\"200\" height=\"301\" \/> A quadrilha Asa Branca, da Cidade do Salvador, foi escolhida como a melhor quadrilha do Brasil, nos dias 21 e 22 de julho de 2012, na cidade de Palmas no Estado do Tocantins. Esta quadrilha j\u00e1 obteve, anteriormente, outros pr\u00eamios importantes como vencedora aqui na Bahia em Lauro de Freitas e Dias D\u2019\u00c1vila de festivais de quadrilhas. <\/p>\n<p>O grupo \u00e9 um espet\u00e1culo bonito de se ver. Com uma super produ\u00e7\u00e3o, a quadrilha Asa Branca encanta a todos os p\u00fablicos que gosta desse tipo de espet\u00e1culo. A sua coreografia \u00e9 perfeita, o vestu\u00e1rio \u00e9 de um bom gosto extremo, os passos das dan\u00e7as s\u00e3o extremamente organizados. <\/p>\n<p>A m\u00fasica \u00e9 um show a parte. A banda, formada por m\u00fasicos e instrumentos nordestino, que comp\u00f5e o instrumental do Forr\u00f3, tem uma import\u00e2ncia fundamental no desenvolvimento do grupo. Os m\u00fasicos s\u00e3o dotados de um impressionante talento. Faz parte deste contexto o m\u00fasico, <strong>DANIEL GOMES NETO<\/strong>, que com a sua sanfona ajuda a quadrilha Asa Branca a sonhar e a voar cada vez mais alto. <\/p>\n<p><strong>Z\u00c9CARLOS JUNIOR<\/strong><\/p>\n","protected":false},"excerpt":{"rendered":"<p>A quadrilha Asa Branca, da Cidade do Salvador, foi escolhida como a melhor quadrilha do Brasil, nos dias 21 e 22 de julho de 2012, na cidade de Palmas no Estado do Tocantins. Esta quadrilha j\u00e1 obteve, anteriormente, outros pr\u00eamios importantes como vencedora aqui na Bahia em Lauro de Freitas e Dias D\u2019\u00c1vila de festivais [&hellip;]<\/p>\n","protected":false},"author":2,"featured_media":0,"comment_status":"open","ping_status":"open","sticky":false,"template":"","format":"standard","meta":{"_links_to":"","_links_to_target":""},"categories":[10],"tags":[],"_links":{"self":[{"href":"https:\/\/www.r2cpress.com.br\/v1\/wp-json\/wp\/v2\/posts\/46142"}],"collection":[{"href":"https:\/\/www.r2cpress.com.br\/v1\/wp-json\/wp\/v2\/posts"}],"about":[{"href":"https:\/\/www.r2cpress.com.br\/v1\/wp-json\/wp\/v2\/types\/post"}],"author":[{"embeddable":true,"href":"https:\/\/www.r2cpress.com.br\/v1\/wp-json\/wp\/v2\/users\/2"}],"replies":[{"embeddable":true,"href":"https:\/\/www.r2cpress.com.br\/v1\/wp-json\/wp\/v2\/comments?post=46142"}],"version-history":[{"count":4,"href":"https:\/\/www.r2cpress.com.br\/v1\/wp-json\/wp\/v2\/posts\/46142\/revisions"}],"predecessor-version":[{"id":46145,"href":"https:\/\/www.r2cpress.com.br\/v1\/wp-json\/wp\/v2\/posts\/46142\/revisions\/46145"}],"wp:attachment":[{"href":"https:\/\/www.r2cpress.com.br\/v1\/wp-json\/wp\/v2\/media?parent=46142"}],"wp:term":[{"taxonomy":"category","embeddable":true,"href":"https:\/\/www.r2cpress.com.br\/v1\/wp-json\/wp\/v2\/categories?post=46142"},{"taxonomy":"post_tag","embeddable":true,"href":"https:\/\/www.r2cpress.com.br\/v1\/wp-json\/wp\/v2\/tags?post=46142"}],"curies":[{"name":"wp","href":"https:\/\/api.w.org\/{rel}","templated":true}]}}