{"id":46147,"date":"2012-07-27T07:28:28","date_gmt":"2012-07-27T10:28:28","guid":{"rendered":"http:\/\/www.r2cpress.com.br\/v1\/?p=46147"},"modified":"2012-07-27T07:28:28","modified_gmt":"2012-07-27T10:28:28","slug":"ruas-do-pontal-sao-tomadas-pela-onda-vermelha-e-carmelita-comemora-o-apoio-que-tem-recebido-nas-ruas-de-ilheus","status":"publish","type":"post","link":"https:\/\/www.r2cpress.com.br\/v1\/2012\/07\/27\/ruas-do-pontal-sao-tomadas-pela-onda-vermelha-e-carmelita-comemora-o-apoio-que-tem-recebido-nas-ruas-de-ilheus\/","title":{"rendered":"Ruas do Pontal s\u00e3o tomadas pela onda vermelha e Carmelita comemora o apoio que tem recebido nas ruas de Ilh\u00e9us"},"content":{"rendered":"<p>A ideia inicial era um corpo-a-corpo com a popula\u00e7\u00e3o do Pontal, regi\u00e3o sul de Ilh\u00e9us. Mas o encontro cresceu. A onda vermelha tomou conta das ruas e a vontade de mudan\u00e7a fez bater mais forte o cora\u00e7\u00e3o das pessoas. O encontro na noite desta quinta-feira (26) virou festa. Uma festa de amor a Ilh\u00e9us, conforme definiu a Professora Carmelita, candidata a prefeita pela Coliga\u00e7\u00e3o Ilh\u00e9us Mais Forte. \u201cO Pontal deu a no\u00e7\u00e3o a mim e ao meu vice, M\u00e1rio Alexandre, de que Ilh\u00e9us n\u00e3o quer mais retroceder. E n\u00f3s vamos retribuir esta aten\u00e7\u00e3o e esse apelo com um governo democr\u00e1tico, participativo e popular\u201d, disse ao final da caminhada.<br \/>\n<div id=\"attachment_46148\" style=\"width: 560px\" class=\"wp-caption aligncenter\"><a href=\"http:\/\/www.r2cpress.com.br\/v1\/wp-content\/uploads\/carmelita_pontal.jpg\"><img aria-describedby=\"caption-attachment-46148\" loading=\"lazy\" src=\"http:\/\/www.r2cpress.com.br\/v1\/wp-content\/uploads\/carmelita_pontal.jpg\" alt=\"\" title=\"carmelita_pontal\" width=\"550\" height=\"439\" class=\"size-full wp-image-46148\" srcset=\"https:\/\/www.r2cpress.com.br\/v1\/wp-content\/uploads\/carmelita_pontal.jpg 550w, https:\/\/www.r2cpress.com.br\/v1\/wp-content\/uploads\/carmelita_pontal-300x239.jpg 300w\" sizes=\"(max-width: 550px) 100vw, 550px\" \/><\/a><p id=\"caption-attachment-46148\" class=\"wp-caption-text\">Pontal<\/p><\/div><br \/>\nCarmelita e militantes percorreram as principais ruas da zona central do bairro. Durante o trajeto receberam abra\u00e7os e apoio popular. \u201cEla vai vencer, por que a gente quer um governo aliado ao governo federal e \u00e0 presidente Dilma\u201d, comemorava Ad\u00e9lia Maria Oliveira, de 60 anos, enquanto abra\u00e7ava Carmelita. \u201cA juventude tamb\u00e9m est\u00e1 com ela, porque \u00e9, sem d\u00favida, o melhor nome, a pessoa que tem condi\u00e7\u00f5es de nos proporcionar mais oportunidades de emprego\u201d, completou Alana Maria, de 19 anos, que tenta h\u00e1 oito meses uma vaga no mercado de trabalho. Mais de mil pessoas acompanharam a candidata a prefeita ao som de jingles da campanha e a companhia de um bandeira\u00e7o.<br \/>\nAs caminhadas de Carmelita v\u00e3o ganhar novos ritmos a partir da pr\u00f3xima semana. \u201cIremos intensific\u00e1-las, por que a resposta que estamos tendo das ruas e das pessoas nos estimula a nesta maratona\u201d, comentou a candidata. Durante a quinta-feira, al\u00e9m do bairro do Pontal, Carmelita subiu o alto do Seringal e conheceu bem de perto as principais reivindica\u00e7\u00f5es daquela comunidade. \u201cGostei da forma como nos ouviu. Com aten\u00e7\u00e3o, respeito e com vontade de mudar a nossa realidade\u201d, elogiou a dona-de-casa Silvana Meireles.<\/p>\n","protected":false},"excerpt":{"rendered":"<p>A ideia inicial era um corpo-a-corpo com a popula\u00e7\u00e3o do Pontal, regi\u00e3o sul de Ilh\u00e9us. Mas o encontro cresceu. A onda vermelha tomou conta das ruas e a vontade de mudan\u00e7a fez bater mais forte o cora\u00e7\u00e3o das pessoas. O encontro na noite desta quinta-feira (26) virou festa. Uma festa de amor a Ilh\u00e9us, conforme [&hellip;]<\/p>\n","protected":false},"author":2,"featured_media":0,"comment_status":"open","ping_status":"open","sticky":false,"template":"","format":"standard","meta":{"_links_to":"","_links_to_target":""},"categories":[22],"tags":[],"_links":{"self":[{"href":"https:\/\/www.r2cpress.com.br\/v1\/wp-json\/wp\/v2\/posts\/46147"}],"collection":[{"href":"https:\/\/www.r2cpress.com.br\/v1\/wp-json\/wp\/v2\/posts"}],"about":[{"href":"https:\/\/www.r2cpress.com.br\/v1\/wp-json\/wp\/v2\/types\/post"}],"author":[{"embeddable":true,"href":"https:\/\/www.r2cpress.com.br\/v1\/wp-json\/wp\/v2\/users\/2"}],"replies":[{"embeddable":true,"href":"https:\/\/www.r2cpress.com.br\/v1\/wp-json\/wp\/v2\/comments?post=46147"}],"version-history":[{"count":2,"href":"https:\/\/www.r2cpress.com.br\/v1\/wp-json\/wp\/v2\/posts\/46147\/revisions"}],"predecessor-version":[{"id":46150,"href":"https:\/\/www.r2cpress.com.br\/v1\/wp-json\/wp\/v2\/posts\/46147\/revisions\/46150"}],"wp:attachment":[{"href":"https:\/\/www.r2cpress.com.br\/v1\/wp-json\/wp\/v2\/media?parent=46147"}],"wp:term":[{"taxonomy":"category","embeddable":true,"href":"https:\/\/www.r2cpress.com.br\/v1\/wp-json\/wp\/v2\/categories?post=46147"},{"taxonomy":"post_tag","embeddable":true,"href":"https:\/\/www.r2cpress.com.br\/v1\/wp-json\/wp\/v2\/tags?post=46147"}],"curies":[{"name":"wp","href":"https:\/\/api.w.org\/{rel}","templated":true}]}}