{"id":46151,"date":"2012-07-27T07:45:05","date_gmt":"2012-07-27T10:45:05","guid":{"rendered":"http:\/\/www.r2cpress.com.br\/v1\/?p=46151"},"modified":"2012-07-27T07:45:31","modified_gmt":"2012-07-27T10:45:31","slug":"delegacia-de-protecao-ambiental","status":"publish","type":"post","link":"https:\/\/www.r2cpress.com.br\/v1\/2012\/07\/27\/delegacia-de-protecao-ambiental\/","title":{"rendered":"DELEGACIA DE PROTE\u00c7\u00c3O AMBIENTAL"},"content":{"rendered":"<p>Ap\u00f3s a apreens\u00e3o de tr\u00eas caminh\u00f5es que estavam transportando madeira nativa da Mata Atl\u00e2ntica nos \u00faltimos dois meses, a Dr\u00aa M\u00e1rcia Cristina Rezende, Delegacia de Prote\u00e7\u00e3o Ambiental \u2013 DPA, com o apoio da 7\u00aa Coordenadoria de Pol\u00edcia Civil &#8211; Ilh\u00e9us, determinou que seus Investigadores localizassem o local e as pessoas envolvidas. No dia 26\/07\/2012, foi encontrado um desmatamento, que segundo estimativas, podem ultrapassar 150 hectares de mata nativa, na regi\u00e3o do Sarampo, no Munic\u00edpio de Canavieiras \u2013 Bahia.<br \/>\n<div id=\"attachment_46152\" style=\"width: 560px\" class=\"wp-caption aligncenter\"><a href=\"http:\/\/www.r2cpress.com.br\/v1\/wp-content\/uploads\/MONT-01_-07-F_dpa.jpg\"><img aria-describedby=\"caption-attachment-46152\" loading=\"lazy\" src=\"http:\/\/www.r2cpress.com.br\/v1\/wp-content\/uploads\/MONT-01_-07-F_dpa.jpg\" alt=\"\" title=\"MONT 01_ 07 F_dpa\" width=\"550\" height=\"794\" class=\"size-full wp-image-46152\" srcset=\"https:\/\/www.r2cpress.com.br\/v1\/wp-content\/uploads\/MONT-01_-07-F_dpa.jpg 550w, https:\/\/www.r2cpress.com.br\/v1\/wp-content\/uploads\/MONT-01_-07-F_dpa-207x300.jpg 207w\" sizes=\"(max-width: 550px) 100vw, 550px\" \/><\/a><p id=\"caption-attachment-46152\" class=\"wp-caption-text\">D P A<\/p><\/div><br \/>\n<div id=\"attachment_46153\" style=\"width: 560px\" class=\"wp-caption aligncenter\"><a href=\"http:\/\/www.r2cpress.com.br\/v1\/wp-content\/uploads\/MONT-02_-07-F_dpa.jpg\"><img aria-describedby=\"caption-attachment-46153\" loading=\"lazy\" src=\"http:\/\/www.r2cpress.com.br\/v1\/wp-content\/uploads\/MONT-02_-07-F_dpa.jpg\" alt=\"\" title=\"MONT 02_ 07 F_dpa\" width=\"550\" height=\"439\" class=\"size-full wp-image-46153\" srcset=\"https:\/\/www.r2cpress.com.br\/v1\/wp-content\/uploads\/MONT-02_-07-F_dpa.jpg 550w, https:\/\/www.r2cpress.com.br\/v1\/wp-content\/uploads\/MONT-02_-07-F_dpa-300x239.jpg 300w\" sizes=\"(max-width: 550px) 100vw, 550px\" \/><\/a><p id=\"caption-attachment-46153\" class=\"wp-caption-text\">D P A<br \/><\/p><\/div><\/p>\n<p>No momento foram detidas seis pessoas em flagrante delito, com eles estavam: dois motosserras, uma espingarda artesanal, duas motos, fac\u00f5es e outros instrumentos utilizados para o desmatamento. Entre os detidos, dois j\u00e1 tem passagem pela pol\u00edcia e um \u00e9 foragido da justi\u00e7a. Segundo informa\u00e7\u00f5es obtidas no local, as madeiras eram transportadas em caminh\u00f5es pequenos e logo em seguida, colocadas em caminh\u00f5es grandes e transportadas para os Estados de Minas Gerais e Rio de Janeiro. Agora, as investiga\u00e7\u00f5es seguem para descobrir que eram os mandantes, propriet\u00e1rios das fazendas, dep\u00f3sitos, ve\u00edculos utilizados e os compradores, como tamb\u00e9m, se existem outras localidades na regi\u00e3o. Qualquer den\u00fancia sobre crimes ambientais podem ser feitas pelo telefone (73) 3234-8147, por email para dpailheus@hotmail.com ou na Delegacia de Prote\u00e7\u00e3o Ambiental &#8211; DPA, localizada na Rua Rotary, 261, Cidade Nova, Ilh\u00e9us &#8211; Bahia.<\/p>\n<p>ASCOM \u2013 DPA<\/p>\n","protected":false},"excerpt":{"rendered":"<p>Ap\u00f3s a apreens\u00e3o de tr\u00eas caminh\u00f5es que estavam transportando madeira nativa da Mata Atl\u00e2ntica nos \u00faltimos dois meses, a Dr\u00aa M\u00e1rcia Cristina Rezende, Delegacia de Prote\u00e7\u00e3o Ambiental \u2013 DPA, com o apoio da 7\u00aa Coordenadoria de Pol\u00edcia Civil &#8211; Ilh\u00e9us, determinou que seus Investigadores localizassem o local e as pessoas envolvidas. No dia 26\/07\/2012, foi [&hellip;]<\/p>\n","protected":false},"author":2,"featured_media":0,"comment_status":"open","ping_status":"open","sticky":false,"template":"","format":"standard","meta":{"_links_to":"","_links_to_target":""},"categories":[25],"tags":[],"_links":{"self":[{"href":"https:\/\/www.r2cpress.com.br\/v1\/wp-json\/wp\/v2\/posts\/46151"}],"collection":[{"href":"https:\/\/www.r2cpress.com.br\/v1\/wp-json\/wp\/v2\/posts"}],"about":[{"href":"https:\/\/www.r2cpress.com.br\/v1\/wp-json\/wp\/v2\/types\/post"}],"author":[{"embeddable":true,"href":"https:\/\/www.r2cpress.com.br\/v1\/wp-json\/wp\/v2\/users\/2"}],"replies":[{"embeddable":true,"href":"https:\/\/www.r2cpress.com.br\/v1\/wp-json\/wp\/v2\/comments?post=46151"}],"version-history":[{"count":4,"href":"https:\/\/www.r2cpress.com.br\/v1\/wp-json\/wp\/v2\/posts\/46151\/revisions"}],"predecessor-version":[{"id":46156,"href":"https:\/\/www.r2cpress.com.br\/v1\/wp-json\/wp\/v2\/posts\/46151\/revisions\/46156"}],"wp:attachment":[{"href":"https:\/\/www.r2cpress.com.br\/v1\/wp-json\/wp\/v2\/media?parent=46151"}],"wp:term":[{"taxonomy":"category","embeddable":true,"href":"https:\/\/www.r2cpress.com.br\/v1\/wp-json\/wp\/v2\/categories?post=46151"},{"taxonomy":"post_tag","embeddable":true,"href":"https:\/\/www.r2cpress.com.br\/v1\/wp-json\/wp\/v2\/tags?post=46151"}],"curies":[{"name":"wp","href":"https:\/\/api.w.org\/{rel}","templated":true}]}}