{"id":4617,"date":"2010-12-16T14:45:28","date_gmt":"2010-12-16T17:45:28","guid":{"rendered":"http:\/\/www.r2cpress.com.br\/v1\/?p=4617"},"modified":"2010-12-16T14:45:28","modified_gmt":"2010-12-16T17:45:28","slug":"inquerito-conclui-tiro-que-matou-joel-partiu-de-um-pm","status":"publish","type":"post","link":"https:\/\/www.r2cpress.com.br\/v1\/2010\/12\/16\/inquerito-conclui-tiro-que-matou-joel-partiu-de-um-pm\/","title":{"rendered":"Inqu\u00e9rito conclui: tiro que matou Joel partiu de um PM"},"content":{"rendered":"<p>O secret\u00e1rio de Seguran\u00e7a P\u00fablica, C\u00e9sar Nunes, e o delegado-chefe da Pol\u00edcia Civil, Joselito Bispo, apresentaram no final da manh\u00e3 desta quinta-feira, 16, na 28\u00aa Delegacia, o resultado do inqu\u00e9rito policial que investigou a morte do garoto Joel da Concei\u00e7\u00e3o Castro, de 10 anos \u2014 morto dentro de casa na madrugada do dia 22 de novembro, no Nordeste de Amaralina. A conclus\u00e3o \u00e9 o que o tiro que atingiu a cabe\u00e7a do menino partiu do policial militar Eraldo Menezes e que n\u00e3o houve troca de tiros no local. No local, foram encontrados apenas estojos de proj\u00e9teis dos policiais militares da 40\u00aa CIPM.<\/p>\n<p>Na per\u00edcia, foram comparados o proj\u00e9til alojado na cabe\u00e7a de Joel com o estojo encontrado no local, o que levou ao nome de Eraldo. Ainda de acordo com a per\u00edcia, o garoto foi atingido por apenas um tiro. O inqu\u00e9rito foi enviado ao Minist\u00e9rio P\u00fablico, que dar\u00e1 prosseguimento \u00e0s investiga\u00e7\u00f5es.<\/p>\n<p><!--more--><\/p>\n<p>Eraldo e os outros nove policiais est\u00e3o afastados do servi\u00e7o, at\u00e9 a conclus\u00e3o do julgamento. Dois deles, soldados Leonardo e Santana, foram identificados pelo pai da crian\u00e7a, Joel Castro, e est\u00e3o sendo indiciados por omiss\u00e3o de socorro.<\/p>\n<p>Segundo C\u00e9sar Nunes, o comandante da 40\u00aa CIPM, n\u00e3o ser\u00e1 responsabilizado. Est\u00e1 sendo ainda investigado porque a arma do PM tinha o n\u00famero de identifica\u00e7\u00e3o raspado.<\/p>\n<p>Os familiares e amigos do garoto realizar\u00e3o uma homenagem em 27 de dezembro, dia em que ele completaria 11 anos. A homenagem ser\u00e1 feita no Nordeste de Amaralina.<\/p>\n<p><strong>O caso<\/strong> &#8211; Joel da Concei\u00e7\u00e3o Castro, 10 anos, foi alvejado no rosto durante uma troca de tiros entre policiais e traficantes no Nordeste de Amaralina por volta da meia-noite de segunda-feira, 22. O garoto chegou a ser levado para o Hospital Geral do Estado (HGE), mas n\u00e3o resistiu aos ferimentos e faleceu duas horas depois.<\/p>\n<p>Em janeiro deste ano, o pequeno Joel participou, ao lado do pai, de um v\u00eddeo institucional da Bahiatursa (Empresa de Turismo da Bahia). Ironia do destino, na pe\u00e7a publicit\u00e1ria, a crian\u00e7a revela a vontade de se tornar mestre de capoeira como o pai.<\/p>\n<p>&#8212;<br \/>\nCarolina Mendon\u00e7a, da A TARDE TV e Arivaldo Silva, do A TARDE*<br \/>\n* com reda\u00e7\u00e3o de Larissa Oliveira, do <a href = \"http:\/\/atarde.com.br\/cidades\/noticia.jsf?id=5663069\" target = \"_news\"><b>A TARDE On Line<\/b><\/a> <\/p>\n","protected":false},"excerpt":{"rendered":"<p>O secret\u00e1rio de Seguran\u00e7a P\u00fablica, C\u00e9sar Nunes, e o delegado-chefe da Pol\u00edcia Civil, Joselito Bispo, apresentaram no final da manh\u00e3 desta quinta-feira, 16, na 28\u00aa Delegacia, o resultado do inqu\u00e9rito policial que investigou a morte do garoto Joel da Concei\u00e7\u00e3o Castro, de 10 anos \u2014 morto dentro de casa na madrugada do dia 22 de [&hellip;]<\/p>\n","protected":false},"author":2,"featured_media":0,"comment_status":"open","ping_status":"open","sticky":false,"template":"","format":"standard","meta":{"_links_to":"","_links_to_target":""},"categories":[25],"tags":[],"_links":{"self":[{"href":"https:\/\/www.r2cpress.com.br\/v1\/wp-json\/wp\/v2\/posts\/4617"}],"collection":[{"href":"https:\/\/www.r2cpress.com.br\/v1\/wp-json\/wp\/v2\/posts"}],"about":[{"href":"https:\/\/www.r2cpress.com.br\/v1\/wp-json\/wp\/v2\/types\/post"}],"author":[{"embeddable":true,"href":"https:\/\/www.r2cpress.com.br\/v1\/wp-json\/wp\/v2\/users\/2"}],"replies":[{"embeddable":true,"href":"https:\/\/www.r2cpress.com.br\/v1\/wp-json\/wp\/v2\/comments?post=4617"}],"version-history":[{"count":2,"href":"https:\/\/www.r2cpress.com.br\/v1\/wp-json\/wp\/v2\/posts\/4617\/revisions"}],"predecessor-version":[{"id":4619,"href":"https:\/\/www.r2cpress.com.br\/v1\/wp-json\/wp\/v2\/posts\/4617\/revisions\/4619"}],"wp:attachment":[{"href":"https:\/\/www.r2cpress.com.br\/v1\/wp-json\/wp\/v2\/media?parent=4617"}],"wp:term":[{"taxonomy":"category","embeddable":true,"href":"https:\/\/www.r2cpress.com.br\/v1\/wp-json\/wp\/v2\/categories?post=4617"},{"taxonomy":"post_tag","embeddable":true,"href":"https:\/\/www.r2cpress.com.br\/v1\/wp-json\/wp\/v2\/tags?post=4617"}],"curies":[{"name":"wp","href":"https:\/\/api.w.org\/{rel}","templated":true}]}}