{"id":4620,"date":"2010-12-16T14:57:02","date_gmt":"2010-12-16T17:57:02","guid":{"rendered":"http:\/\/www.r2cpress.com.br\/v1\/?p=4620"},"modified":"2010-12-16T14:57:02","modified_gmt":"2010-12-16T17:57:02","slug":"a-dialetica-das-miserias-esta-de-volta","status":"publish","type":"post","link":"https:\/\/www.r2cpress.com.br\/v1\/2010\/12\/16\/a-dialetica-das-miserias-esta-de-volta\/","title":{"rendered":"A DIAL\u00c9TICA DAS MIS\u00c9RIAS EST\u00c1 DE VOLTA"},"content":{"rendered":"<p>\t<a href=\"http:\/\/www.r2cpress.com.br\/v1\/wp-content\/uploads\/casa-dos-artistas.jpeg\"><img loading=\"lazy\" src=\"http:\/\/www.r2cpress.com.br\/v1\/wp-content\/uploads\/casa-dos-artistas.jpeg\" alt=\"\" title=\"casa dos artistas\" width=\"221\" height=\"166\" class=\"alignleft size-full wp-image-4621\" \/><\/a>O espet\u00e1culo \u201cNazareno Contra o Drag\u00e3o da Maldade\u201d, a mais nova produ\u00e7\u00e3o do Teatro Popular de Ilh\u00e9us, volta ao palco da Casa dos Artistas, neste final de semana (sexta-feira\/17 e s\u00e1bado\/18), em duas sess\u00f5es di\u00e1rias (19 e 20:30 horas).<\/p>\n<p>\tA montagem, inspirada em fatos reais, narra o drama de Nazareno, l\u00edder comunit\u00e1rio de Vila Nazar\u00e9 (comunidade paup\u00e9rrima de Ilh\u00e9us), e de sua esposa Maria.<\/p>\n<p>\tOs dois travam uma luta pela sobreviv\u00eancia, com posturas opostas diante do sofrimento. Nazareno acha que a mis\u00e9ria ser\u00e1 vencida quando toda a comunidade de Vila Nazar\u00e9 viver dias melhores, por isso, sacrifica sua vida familiar em benef\u00edcio da luta comunit\u00e1ria. Maria, sensibilizada pelo cora\u00e7\u00e3o de m\u00e3e, deseja uma vida melhor para seus dois filhos pequenos, que carecem de condi\u00e7\u00f5es elementares para o desenvolvimento infantil.<\/p>\n<p><!--more--><\/p>\n<p>Os atores Ely Izidro e T\u00e2nia Barbosa interpretam Nazareno e Maria. O cen\u00e1rio e a trilha sonora (executada ao vivo pelo m\u00fasico Elielton Cabe\u00e7a) inserem o publico no submundo \u00e1rido da miserabilidade humana.<\/p>\n<p>O diretor Romualdo Lisboa recomenda que as pessoas interessadas se dirijam \u00e0 Casa dos Artistas de sand\u00e1lias ou cal\u00e7ados f\u00e1ceis de serem retirados. \u201cO ch\u00e3o do Teatro Pedro Mattos ser\u00e1 coberto de lama, piso t\u00edpico da Vila Nazar\u00e9\u201d, explica Lisboa. <\/p>\n<p>\tNos dias 22 e 23 (quarta e quinta da pr\u00f3xima semana), Nazareno ser\u00e1 apresentado \u00e0s 20 horas. Valor do ingresso: R$ 10,00 (inteira) e R$ 5,00 (meia). Classifica\u00e7\u00e3o indicativa: 12 anos.<\/p>\n<p>A encena\u00e7\u00e3o foi contemplada e financiada pelo Edital Manoel Lopes Pontes de Apoio \u00e0 Montagem de Espet\u00e1culos Teatrais, de iniciativa da Funda\u00e7\u00e3o Cultural do Estado da Bahia. O texto premiado foi escrito por Romualdo Lisboa.<\/p>\n<p>A Casa dos Artistas fica na Rua Jorge Amado, n\u00ba 39, centro de Ilh\u00e9us.<\/p>\n","protected":false},"excerpt":{"rendered":"<p>O espet\u00e1culo \u201cNazareno Contra o Drag\u00e3o da Maldade\u201d, a mais nova produ\u00e7\u00e3o do Teatro Popular de Ilh\u00e9us, volta ao palco da Casa dos Artistas, neste final de semana (sexta-feira\/17 e s\u00e1bado\/18), em duas sess\u00f5es di\u00e1rias (19 e 20:30 horas). A montagem, inspirada em fatos reais, narra o drama de Nazareno, l\u00edder comunit\u00e1rio de Vila Nazar\u00e9 [&hellip;]<\/p>\n","protected":false},"author":2,"featured_media":0,"comment_status":"open","ping_status":"open","sticky":false,"template":"","format":"standard","meta":{"_links_to":"","_links_to_target":""},"categories":[5],"tags":[],"_links":{"self":[{"href":"https:\/\/www.r2cpress.com.br\/v1\/wp-json\/wp\/v2\/posts\/4620"}],"collection":[{"href":"https:\/\/www.r2cpress.com.br\/v1\/wp-json\/wp\/v2\/posts"}],"about":[{"href":"https:\/\/www.r2cpress.com.br\/v1\/wp-json\/wp\/v2\/types\/post"}],"author":[{"embeddable":true,"href":"https:\/\/www.r2cpress.com.br\/v1\/wp-json\/wp\/v2\/users\/2"}],"replies":[{"embeddable":true,"href":"https:\/\/www.r2cpress.com.br\/v1\/wp-json\/wp\/v2\/comments?post=4620"}],"version-history":[{"count":2,"href":"https:\/\/www.r2cpress.com.br\/v1\/wp-json\/wp\/v2\/posts\/4620\/revisions"}],"predecessor-version":[{"id":4623,"href":"https:\/\/www.r2cpress.com.br\/v1\/wp-json\/wp\/v2\/posts\/4620\/revisions\/4623"}],"wp:attachment":[{"href":"https:\/\/www.r2cpress.com.br\/v1\/wp-json\/wp\/v2\/media?parent=4620"}],"wp:term":[{"taxonomy":"category","embeddable":true,"href":"https:\/\/www.r2cpress.com.br\/v1\/wp-json\/wp\/v2\/categories?post=4620"},{"taxonomy":"post_tag","embeddable":true,"href":"https:\/\/www.r2cpress.com.br\/v1\/wp-json\/wp\/v2\/tags?post=4620"}],"curies":[{"name":"wp","href":"https:\/\/api.w.org\/{rel}","templated":true}]}}