{"id":46223,"date":"2012-07-27T19:16:52","date_gmt":"2012-07-27T22:16:52","guid":{"rendered":"http:\/\/www.r2cpress.com.br\/v1\/?p=46223"},"modified":"2012-07-27T19:18:11","modified_gmt":"2012-07-27T22:18:11","slug":"divulgada-a-programacao-oficial-do-festival-amar-amado","status":"publish","type":"post","link":"https:\/\/www.r2cpress.com.br\/v1\/2012\/07\/27\/divulgada-a-programacao-oficial-do-festival-amar-amado\/","title":{"rendered":"Divulgada a programa\u00e7\u00e3o oficial do Festival Amar Amado"},"content":{"rendered":"<p>De 04 a 12 de agosto a cidade de Ilh\u00e9us realizar\u00e1 o Festival Amar Amado, evento que celebra o centen\u00e1rio de nascimento do escritor Jorge Amado com uma s\u00e9rie de atividades gratuitas pela cidade.<\/p>\n<div id=\"attachment_46226\" style=\"width: 420px\" class=\"wp-caption aligncenter\"><a href=\"http:\/\/www.r2cpress.com.br\/v1\/wp-content\/uploads\/festival-AMAR-AMADO.jpg\"><img aria-describedby=\"caption-attachment-46226\" loading=\"lazy\" class=\"size-full wp-image-46226\" title=\"festival  AMAR AMADO\" src=\"http:\/\/www.r2cpress.com.br\/v1\/wp-content\/uploads\/festival-AMAR-AMADO.jpg\" alt=\"\" width=\"410\" height=\"280\" srcset=\"https:\/\/www.r2cpress.com.br\/v1\/wp-content\/uploads\/festival-AMAR-AMADO.jpg 410w, https:\/\/www.r2cpress.com.br\/v1\/wp-content\/uploads\/festival-AMAR-AMADO-300x204.jpg 300w\" sizes=\"(max-width: 410px) 100vw, 410px\" \/><\/a><p id=\"caption-attachment-46226\" class=\"wp-caption-text\">2012<\/p><\/div>\n<p>Ciclos liter\u00e1rios, shows, palestras, pe\u00e7as, filmes, cursos e saraus ser\u00e3o realizados no Quarteir\u00e3o Jorge Amado, nos Pr\u00e9dios Hist\u00f3ricos, Centro de Conven\u00e7\u00f5es e ruas da cidade. A programa\u00e7\u00e3o oficial do evento est\u00e1 dispon\u00edvel no site <a href=\"http:\/\/festivalamaramado.com.br\" target=\"_blank\">festivalamaramado.com.br<\/a>.<\/p>\n<div>\n<div data-tooltip=\"Mostrar conte\u00fado cortado\"><\/div>\n<\/div>\n","protected":false},"excerpt":{"rendered":"<p>De 04 a 12 de agosto a cidade de Ilh\u00e9us realizar\u00e1 o Festival Amar Amado, evento que celebra o centen\u00e1rio de nascimento do escritor Jorge Amado com uma s\u00e9rie de atividades gratuitas pela cidade. Ciclos liter\u00e1rios, shows, palestras, pe\u00e7as, filmes, cursos e saraus ser\u00e3o realizados no Quarteir\u00e3o Jorge Amado, nos Pr\u00e9dios Hist\u00f3ricos, Centro de Conven\u00e7\u00f5es [&hellip;]<\/p>\n","protected":false},"author":2,"featured_media":0,"comment_status":"open","ping_status":"open","sticky":false,"template":"","format":"standard","meta":{"_links_to":"","_links_to_target":""},"categories":[5],"tags":[],"_links":{"self":[{"href":"https:\/\/www.r2cpress.com.br\/v1\/wp-json\/wp\/v2\/posts\/46223"}],"collection":[{"href":"https:\/\/www.r2cpress.com.br\/v1\/wp-json\/wp\/v2\/posts"}],"about":[{"href":"https:\/\/www.r2cpress.com.br\/v1\/wp-json\/wp\/v2\/types\/post"}],"author":[{"embeddable":true,"href":"https:\/\/www.r2cpress.com.br\/v1\/wp-json\/wp\/v2\/users\/2"}],"replies":[{"embeddable":true,"href":"https:\/\/www.r2cpress.com.br\/v1\/wp-json\/wp\/v2\/comments?post=46223"}],"version-history":[{"count":4,"href":"https:\/\/www.r2cpress.com.br\/v1\/wp-json\/wp\/v2\/posts\/46223\/revisions"}],"predecessor-version":[{"id":46228,"href":"https:\/\/www.r2cpress.com.br\/v1\/wp-json\/wp\/v2\/posts\/46223\/revisions\/46228"}],"wp:attachment":[{"href":"https:\/\/www.r2cpress.com.br\/v1\/wp-json\/wp\/v2\/media?parent=46223"}],"wp:term":[{"taxonomy":"category","embeddable":true,"href":"https:\/\/www.r2cpress.com.br\/v1\/wp-json\/wp\/v2\/categories?post=46223"},{"taxonomy":"post_tag","embeddable":true,"href":"https:\/\/www.r2cpress.com.br\/v1\/wp-json\/wp\/v2\/tags?post=46223"}],"curies":[{"name":"wp","href":"https:\/\/api.w.org\/{rel}","templated":true}]}}