{"id":46229,"date":"2012-07-27T19:21:00","date_gmt":"2012-07-27T22:21:00","guid":{"rendered":"http:\/\/www.r2cpress.com.br\/v1\/?p=46229"},"modified":"2012-07-27T19:21:00","modified_gmt":"2012-07-27T22:21:00","slug":"boletim-eletronico-da-agencia-camara-de-noticias-20","status":"publish","type":"post","link":"https:\/\/www.r2cpress.com.br\/v1\/2012\/07\/27\/boletim-eletronico-da-agencia-camara-de-noticias-20\/","title":{"rendered":"Boletim Eletr\u00f4nico da Ag\u00eancia C\u00e2mara de Not\u00edcias"},"content":{"rendered":"<p><center><\/p>\n<table width=\"700\" border=\"0\" cellspacing=\"0\" cellpadding=\"0\" align=\"center\">\n<tbody>\n<tr>\n<td colspan=\"2\">\n<h2>Manchetes do dia<\/h2>\n<\/td>\n<\/tr>\n<tr>\n<td colspan=\"2\">\n<ul>\n<li><a title=\"\" href=\"http:\/\/www2.camara.gov.br\/agencia\/noticias\/POLITICA\/423105-PLENARIO-PODE-VOTAR-MPS-QUE-COMBATEM-SECA-NO-NORDESTE.html\" target=\"_blank\">Plen\u00e1rio pode votar MPs que combatem seca no Nordeste<\/a><\/li>\n<li><a title=\"\" href=\"http:\/\/www2.camara.gov.br\/agencia\/noticias\/ESPORTES\/423126-MARCO-MAIA-REUNE-SE-COM-PRESIDENTE-DA-FIFA-EM-LONDRES.html\" target=\"_blank\">Marco Maia re\u00fane-se com presidente da Fifa em Londres<\/a><\/li>\n<li><a title=\"\" href=\"http:\/\/www2.camara.gov.br\/agencia\/noticias\/EDUCACAO-E-CULTURA\/423086-COMISSAO-ESPECIAL-VAI-PROPOR-UM-NOVO-MODELO-PARA-O-ENSINO-MEDIO-NO-PAIS.html\" target=\"_blank\">Comiss\u00e3o especial vai propor um novo modelo para o ensino m\u00e9dio no Pa\u00eds<\/a><\/li>\n<\/ul>\n<\/td>\n<\/tr>\n<tr>\n<td colspan=\"2\"><\/td>\n<\/tr>\n<tr>\n<td colspan=\"2\">\n<table width=\"100%\" border=\"0\" cellspacing=\"0\" cellpadding=\"0\">\n<tbody>\n<tr>\n<td>\n<table width=\"100%\" border=\"0\" cellspacing=\"0\" cellpadding=\"0\">\n<tbody>\n<tr>\n<td rowspan=\"2\" valign=\"top\" width=\"70%\">\n<table width=\"100%\" border=\"0\" cellspacing=\"0\" cellpadding=\"0\">\n<tbody>\n<tr bgcolor=\"#FFFFFF\">\n<td>\n<h2>ADMINISTRA\u00c7\u00c3O P\u00daBLICA<\/h2>\n<\/td>\n<\/tr>\n<tr>\n<td>\n<ul>\n<li><a title=\"\" href=\"http:\/\/www2.camara.gov.br\/agencia\/noticias\/ADMINISTRACAO-PUBLICA\/423066-PROJETO-OBRIGA-GESTOR-A-ENTREGAR-RELATORIO-ADMINISTRATIVO-A-SUCESSOR-ELEITO.html\" target=\"_blank\">Projeto obriga gestor a entregar relat\u00f3rio administrativo a sucessor eleito<\/a><\/li>\n<li><a title=\"\" href=\"http:\/\/www2.camara.gov.br\/agencia\/noticias\/SAUDE\/423087-PROPOSTA-EXIGE-CIRURGIA-UNICA-PARA-RETIRADA-E-RECONSTRUCAO-DA-MAMA.html\" target=\"_blank\">Proposta exige cirurgia \u00fanica para retirada e reconstru\u00e7\u00e3o da mama<\/a><\/li>\n<li><a title=\"\" href=\"http:\/\/www2.camara.gov.br\/agencia\/noticias\/TRABALHO-E-PREVIDENCIA\/423092-PROPOSTA-EQUIPARA-TRIBUTACAO-DE-PREVIDENCIA-FECHADA-E-ABERTA.html\" target=\"_blank\">Proposta equipara tributa\u00e7\u00e3o de previd\u00eancia fechada e aberta<\/a><\/li>\n<li><a title=\"\" href=\"http:\/\/www2.camara.gov.br\/agencia\/noticias\/CIDADES\/423098-CONCESSIONARIA-PODERA-TER-QUE-SE-SUBMETER-AS-NORMAS-DE-ORDENACAO-URBANA.html\" target=\"_blank\">Concession\u00e1ria poder\u00e1 ter que se submeter \u00e0s normas de ordena\u00e7\u00e3o urbana<\/a><\/li>\n<li><a title=\"\" href=\"http:\/\/www2.camara.gov.br\/agencia\/noticias\/TRABALHO-E-PREVIDENCIA\/423099-AVALIACAO-ANUAL-DE-SAUDE-PODERA-SER-OBRIGATORIA-PARA-MOTORISTAS.html\" target=\"_blank\">Avalia\u00e7\u00e3o anual de sa\u00fade poder\u00e1 ser obrigat\u00f3ria para motoristas<\/a><\/li>\n<li><a title=\"\" href=\"http:\/\/www2.camara.gov.br\/agencia\/noticias\/EDUCACAO-E-CULTURA\/423127-SANCIONADA-COM-VETOS-LEI-QUE-TROCA-DIVIDAS-DE-UNIVERSIDADES-POR-BOLSAS-DE-ESTUDOS.html\" target=\"_blank\">Sancionada com vetos lei que troca d\u00edvidas de universidades por bolsas de estudos<\/a><\/li>\n<\/ul>\n<\/td>\n<\/tr>\n<tr bgcolor=\"#FFFFFF\">\n<td>\n<h2>CIDADES<\/h2>\n<\/td>\n<\/tr>\n<tr>\n<td>\n<ul>\n<li><a title=\"\" href=\"http:\/\/www2.camara.gov.br\/agencia\/noticias\/TRANSPORTE-E-TRANSITO\/423088-REGISTRO-OBRIGATORIO-DE-ADAPTACOES-PARA-DEFICIENTES-EM-ONIBUS-PODE-VIRAR-LEI.html\" target=\"_blank\">Registro obrigat\u00f3rio de adapta\u00e7\u00f5es para deficientes em \u00f4nibus pode virar lei<\/a><\/li>\n<\/ul>\n<\/td>\n<\/tr>\n<tr bgcolor=\"#FFFFFF\">\n<td>\n<h2>CONSUMIDOR<\/h2>\n<\/td>\n<\/tr>\n<tr>\n<td>\n<ul>\n<li><a title=\"\" href=\"http:\/\/www2.camara.gov.br\/agencia\/noticias\/TRANSPORTE-E-TRANSITO\/423097-PROJETO-OBRIGA-USO-DE-COLETE-SALVA-VIDAS-EM-NAVEGACAO-FLUVIAL.html\" target=\"_blank\">Projeto obriga uso de colete salva-vidas em navega\u00e7\u00e3o fluvial<\/a><\/li>\n<\/ul>\n<\/td>\n<\/tr>\n<tr bgcolor=\"#FFFFFF\">\n<td>\n<h2>DIREITO E JUSTI\u00c7A<\/h2>\n<\/td>\n<\/tr>\n<tr>\n<td>\n<ul>\n<li><a title=\"\" href=\"http:\/\/www2.camara.gov.br\/agencia\/noticias\/DIREITO-E-JUSTICA\/423084-PROJETO-AUTORIZA-CAMARA-A-CRIAR-COMISSOES-DE-JURISTAS-PARA-REVISAR-LEGISLACAO.html\" target=\"_blank\">Projeto autoriza C\u00e2mara a criar comiss\u00f5es de juristas para revisar legisla\u00e7\u00e3o<\/a><\/li>\n<li><a title=\"\" href=\"http:\/\/www2.camara.gov.br\/agencia\/noticias\/DIREITO-E-JUSTICA\/423114-PROJETO-MUDA-REGRA-SOBRE-JULGAMENTO-DE-REGISTRO-DE-CANDIDATO.html\" target=\"_blank\">Projeto muda regra sobre julgamento de registro de candidato<\/a><\/li>\n<\/ul>\n<\/td>\n<\/tr>\n<\/tbody>\n<\/table>\n<\/td>\n<\/tr>\n<\/tbody>\n<\/table>\n<\/td>\n<\/tr>\n<\/tbody>\n<\/table>\n<\/td>\n<\/tr>\n<\/tbody>\n<\/table>\n<p><\/center><\/p>\n","protected":false},"excerpt":{"rendered":"<p>Manchetes do dia Plen\u00e1rio pode votar MPs que combatem seca no Nordeste Marco Maia re\u00fane-se com presidente da Fifa em Londres Comiss\u00e3o especial vai propor um novo modelo para o ensino m\u00e9dio no Pa\u00eds ADMINISTRA\u00c7\u00c3O P\u00daBLICA Projeto obriga gestor a entregar relat\u00f3rio administrativo a sucessor eleito Proposta exige cirurgia \u00fanica para retirada e reconstru\u00e7\u00e3o da [&hellip;]<\/p>\n","protected":false},"author":2,"featured_media":0,"comment_status":"open","ping_status":"open","sticky":false,"template":"","format":"standard","meta":{"_links_to":"","_links_to_target":""},"categories":[18],"tags":[],"_links":{"self":[{"href":"https:\/\/www.r2cpress.com.br\/v1\/wp-json\/wp\/v2\/posts\/46229"}],"collection":[{"href":"https:\/\/www.r2cpress.com.br\/v1\/wp-json\/wp\/v2\/posts"}],"about":[{"href":"https:\/\/www.r2cpress.com.br\/v1\/wp-json\/wp\/v2\/types\/post"}],"author":[{"embeddable":true,"href":"https:\/\/www.r2cpress.com.br\/v1\/wp-json\/wp\/v2\/users\/2"}],"replies":[{"embeddable":true,"href":"https:\/\/www.r2cpress.com.br\/v1\/wp-json\/wp\/v2\/comments?post=46229"}],"version-history":[{"count":3,"href":"https:\/\/www.r2cpress.com.br\/v1\/wp-json\/wp\/v2\/posts\/46229\/revisions"}],"predecessor-version":[{"id":46232,"href":"https:\/\/www.r2cpress.com.br\/v1\/wp-json\/wp\/v2\/posts\/46229\/revisions\/46232"}],"wp:attachment":[{"href":"https:\/\/www.r2cpress.com.br\/v1\/wp-json\/wp\/v2\/media?parent=46229"}],"wp:term":[{"taxonomy":"category","embeddable":true,"href":"https:\/\/www.r2cpress.com.br\/v1\/wp-json\/wp\/v2\/categories?post=46229"},{"taxonomy":"post_tag","embeddable":true,"href":"https:\/\/www.r2cpress.com.br\/v1\/wp-json\/wp\/v2\/tags?post=46229"}],"curies":[{"name":"wp","href":"https:\/\/api.w.org\/{rel}","templated":true}]}}