{"id":46340,"date":"2012-07-29T10:19:59","date_gmt":"2012-07-29T13:19:59","guid":{"rendered":"http:\/\/www.r2cpress.com.br\/v1\/?p=46340"},"modified":"2012-07-29T10:19:59","modified_gmt":"2012-07-29T13:19:59","slug":"pm-apreende-droga-e-armas-na-zona-sul-de-ilheus","status":"publish","type":"post","link":"https:\/\/www.r2cpress.com.br\/v1\/2012\/07\/29\/pm-apreende-droga-e-armas-na-zona-sul-de-ilheus\/","title":{"rendered":"PM APREENDE DROGA E ARMAS NA ZONA SUL DE ILH\u00c9US"},"content":{"rendered":"<p><center><a href=\"http:\/\/www.r2cpress.com.br\/v1\/wp-content\/uploads\/LOGO-69.jpg\"><img loading=\"lazy\" class=\"aligncenter size-full wp-image-46341\" title=\"LOGO 69\" src=\"http:\/\/www.r2cpress.com.br\/v1\/wp-content\/uploads\/LOGO-69.jpg\" alt=\"\" width=\"120\" height=\"121\" \/><\/a><\/center><\/p>\n<p><strong><\/strong>No ultimo dia 26, por volta das 05 horas da manh\u00e3 a guarni\u00e7\u00e3o da viatura 6901 da 69\u00aa CIPM apreendeu armas e drogas com menores no bairro Ilh\u00e9us II, zona sul de Ilh\u00e9us.<\/p>\n<div id=\"attachment_46342\" style=\"width: 560px\" class=\"wp-caption aligncenter\"><a href=\"http:\/\/www.r2cpress.com.br\/v1\/wp-content\/uploads\/69-ARMAS-E-DROGAS-ZONA-SUL-28-07-2012.jpg\"><img aria-describedby=\"caption-attachment-46342\" loading=\"lazy\" class=\"size-full wp-image-46342\" title=\"69 ARMAS E DROGAS ZONA SUL 28 07 2012\" src=\"http:\/\/www.r2cpress.com.br\/v1\/wp-content\/uploads\/69-ARMAS-E-DROGAS-ZONA-SUL-28-07-2012.jpg\" alt=\"\" width=\"550\" height=\"589\" srcset=\"https:\/\/www.r2cpress.com.br\/v1\/wp-content\/uploads\/69-ARMAS-E-DROGAS-ZONA-SUL-28-07-2012.jpg 550w, https:\/\/www.r2cpress.com.br\/v1\/wp-content\/uploads\/69-ARMAS-E-DROGAS-ZONA-SUL-28-07-2012-280x300.jpg 280w\" sizes=\"(max-width: 550px) 100vw, 550px\" \/><\/a><p id=\"caption-attachment-46342\" class=\"wp-caption-text\">ILH\u00c9US \/ ZONA SUL<\/p><\/div>\n<p>Foram conduzidos a delegacia os menores de iniciais BSS de 17 anos, IFS de 17 anos, VMMS de 12 anos e CJBS de 14 anos, todos moradores do Ilh\u00e9us II. Os envolvidos j\u00e1 estavam sendo monitorados pelo setor de intelig\u00eancia da PM, e com eles foi encontrado 263 pedras de crack, 51 gramas da mesma subst\u00e2ncia, 01 revolver calibre 38 de marca taurus numera\u00e7\u00e3o 34018 e uma espingarda artesanal calibre 12.<\/p>\n<p>A Pol\u00edcia Militar informa ainda que intensificar\u00e1 as abordagens na zona sul de Ilh\u00e9us para tirar de circula\u00e7\u00e3o arma e drogas.<\/p>\n","protected":false},"excerpt":{"rendered":"<p>No ultimo dia 26, por volta das 05 horas da manh\u00e3 a guarni\u00e7\u00e3o da viatura 6901 da 69\u00aa CIPM apreendeu armas e drogas com menores no bairro Ilh\u00e9us II, zona sul de Ilh\u00e9us. Foram conduzidos a delegacia os menores de iniciais BSS de 17 anos, IFS de 17 anos, VMMS de 12 anos e CJBS [&hellip;]<\/p>\n","protected":false},"author":2,"featured_media":0,"comment_status":"open","ping_status":"open","sticky":false,"template":"","format":"standard","meta":{"_links_to":"","_links_to_target":""},"categories":[25],"tags":[],"_links":{"self":[{"href":"https:\/\/www.r2cpress.com.br\/v1\/wp-json\/wp\/v2\/posts\/46340"}],"collection":[{"href":"https:\/\/www.r2cpress.com.br\/v1\/wp-json\/wp\/v2\/posts"}],"about":[{"href":"https:\/\/www.r2cpress.com.br\/v1\/wp-json\/wp\/v2\/types\/post"}],"author":[{"embeddable":true,"href":"https:\/\/www.r2cpress.com.br\/v1\/wp-json\/wp\/v2\/users\/2"}],"replies":[{"embeddable":true,"href":"https:\/\/www.r2cpress.com.br\/v1\/wp-json\/wp\/v2\/comments?post=46340"}],"version-history":[{"count":3,"href":"https:\/\/www.r2cpress.com.br\/v1\/wp-json\/wp\/v2\/posts\/46340\/revisions"}],"predecessor-version":[{"id":46345,"href":"https:\/\/www.r2cpress.com.br\/v1\/wp-json\/wp\/v2\/posts\/46340\/revisions\/46345"}],"wp:attachment":[{"href":"https:\/\/www.r2cpress.com.br\/v1\/wp-json\/wp\/v2\/media?parent=46340"}],"wp:term":[{"taxonomy":"category","embeddable":true,"href":"https:\/\/www.r2cpress.com.br\/v1\/wp-json\/wp\/v2\/categories?post=46340"},{"taxonomy":"post_tag","embeddable":true,"href":"https:\/\/www.r2cpress.com.br\/v1\/wp-json\/wp\/v2\/tags?post=46340"}],"curies":[{"name":"wp","href":"https:\/\/api.w.org\/{rel}","templated":true}]}}