{"id":46488,"date":"2012-07-30T19:01:41","date_gmt":"2012-07-30T22:01:41","guid":{"rendered":"http:\/\/www.r2cpress.com.br\/v1\/?p=46488"},"modified":"2012-07-30T19:01:41","modified_gmt":"2012-07-30T22:01:41","slug":"fundaci-divulga-lista-de-projetos-culturais-com-inscricoes-homologadas","status":"publish","type":"post","link":"https:\/\/www.r2cpress.com.br\/v1\/2012\/07\/30\/fundaci-divulga-lista-de-projetos-culturais-com-inscricoes-homologadas\/","title":{"rendered":"Fundaci divulga lista de Projetos Culturais com inscri\u00e7\u00f5es homologadas"},"content":{"rendered":"<p><strong><\/strong>24 projetos inscritos no pelo Edital 01\/2012 tiveram suas inscri\u00e7\u00f5es homologadas pela Funda\u00e7\u00e3o Cultural de Ilh\u00e9us &#8211; Fundaci. O resultado final dos projetos selecionados ser\u00e1 divulgado na pr\u00f3xima quarta-feira (01\/08).<\/p>\n<div style=\"text-align: center;\">\u00a0FUNDA\u00c7\u00c3O CULTURAL DE ILH\u00c9US<\/div>\n<p align=\"center\"><strong>EDITAL 001\/2012 \u2013 CENTEN\u00c1RIO DE JORGE AMADO<\/strong><\/p>\n<p align=\"center\">LISTA DE PROPONENTES<\/p>\n<p align=\"center\">\n<p><div id=\"attachment_46489\" style=\"width: 310px\" class=\"wp-caption aligncenter\"><a href=\"http:\/\/www.r2cpress.com.br\/v1\/wp-content\/uploads\/programa\u00e7\u00e3o-01_.jpg\"><img aria-describedby=\"caption-attachment-46489\" loading=\"lazy\" class=\" wp-image-46489\" title=\"programa\u00e7\u00e3o 01_\" src=\"http:\/\/www.r2cpress.com.br\/v1\/wp-content\/uploads\/programa\u00e7\u00e3o-01_.jpg\" alt=\"\" width=\"300\" height=\"253\" srcset=\"https:\/\/www.r2cpress.com.br\/v1\/wp-content\/uploads\/programa\u00e7\u00e3o-01_.jpg 680w, https:\/\/www.r2cpress.com.br\/v1\/wp-content\/uploads\/programa\u00e7\u00e3o-01_-300x253.jpg 300w\" sizes=\"(max-width: 300px) 100vw, 300px\" \/><\/a><p id=\"caption-attachment-46489\" class=\"wp-caption-text\">Clique para AMPLIAR.<\/p><\/div><br \/>\n<div id=\"attachment_46491\" style=\"width: 310px\" class=\"wp-caption aligncenter\"><a href=\"http:\/\/www.r2cpress.com.br\/v1\/wp-content\/uploads\/programa\u00e7\u00e3o-02_.jpg\"><img aria-describedby=\"caption-attachment-46491\" loading=\"lazy\" src=\"http:\/\/www.r2cpress.com.br\/v1\/wp-content\/uploads\/programa\u00e7\u00e3o-02_-300x77.jpg\" alt=\"\" title=\"programa\u00e7\u00e3o 02_\" width=\"300\" height=\"77\" class=\"size-medium wp-image-46491\" srcset=\"https:\/\/www.r2cpress.com.br\/v1\/wp-content\/uploads\/programa\u00e7\u00e3o-02_-300x77.jpg 300w, https:\/\/www.r2cpress.com.br\/v1\/wp-content\/uploads\/programa\u00e7\u00e3o-02_.jpg 680w\" sizes=\"(max-width: 300px) 100vw, 300px\" \/><\/a><p id=\"caption-attachment-46491\" class=\"wp-caption-text\">Clique para AMPLIAR.<\/p><\/div><\/p>\n","protected":false},"excerpt":{"rendered":"<p>24 projetos inscritos no pelo Edital 01\/2012 tiveram suas inscri\u00e7\u00f5es homologadas pela Funda\u00e7\u00e3o Cultural de Ilh\u00e9us &#8211; Fundaci. O resultado final dos projetos selecionados ser\u00e1 divulgado na pr\u00f3xima quarta-feira (01\/08). \u00a0FUNDA\u00c7\u00c3O CULTURAL DE ILH\u00c9US EDITAL 001\/2012 \u2013 CENTEN\u00c1RIO DE JORGE AMADO LISTA DE PROPONENTES<\/p>\n","protected":false},"author":2,"featured_media":0,"comment_status":"open","ping_status":"open","sticky":false,"template":"","format":"standard","meta":{"_links_to":"","_links_to_target":""},"categories":[5],"tags":[],"_links":{"self":[{"href":"https:\/\/www.r2cpress.com.br\/v1\/wp-json\/wp\/v2\/posts\/46488"}],"collection":[{"href":"https:\/\/www.r2cpress.com.br\/v1\/wp-json\/wp\/v2\/posts"}],"about":[{"href":"https:\/\/www.r2cpress.com.br\/v1\/wp-json\/wp\/v2\/types\/post"}],"author":[{"embeddable":true,"href":"https:\/\/www.r2cpress.com.br\/v1\/wp-json\/wp\/v2\/users\/2"}],"replies":[{"embeddable":true,"href":"https:\/\/www.r2cpress.com.br\/v1\/wp-json\/wp\/v2\/comments?post=46488"}],"version-history":[{"count":3,"href":"https:\/\/www.r2cpress.com.br\/v1\/wp-json\/wp\/v2\/posts\/46488\/revisions"}],"predecessor-version":[{"id":46493,"href":"https:\/\/www.r2cpress.com.br\/v1\/wp-json\/wp\/v2\/posts\/46488\/revisions\/46493"}],"wp:attachment":[{"href":"https:\/\/www.r2cpress.com.br\/v1\/wp-json\/wp\/v2\/media?parent=46488"}],"wp:term":[{"taxonomy":"category","embeddable":true,"href":"https:\/\/www.r2cpress.com.br\/v1\/wp-json\/wp\/v2\/categories?post=46488"},{"taxonomy":"post_tag","embeddable":true,"href":"https:\/\/www.r2cpress.com.br\/v1\/wp-json\/wp\/v2\/tags?post=46488"}],"curies":[{"name":"wp","href":"https:\/\/api.w.org\/{rel}","templated":true}]}}