{"id":4658,"date":"2010-12-17T10:29:19","date_gmt":"2010-12-17T13:29:19","guid":{"rendered":"http:\/\/www.r2cpress.com.br\/v1\/?p=4658"},"modified":"2010-12-17T10:29:19","modified_gmt":"2010-12-17T13:29:19","slug":"funcionarios-do-hospital-de-base-podem-parar-dia-21","status":"publish","type":"post","link":"https:\/\/www.r2cpress.com.br\/v1\/2010\/12\/17\/funcionarios-do-hospital-de-base-podem-parar-dia-21\/","title":{"rendered":"Funcion\u00e1rios do Hospital de Base podem parar dia 21"},"content":{"rendered":"<p>\nOs servidores e funcion\u00e1rios do Hospital de Base de Itabuna (HBLEM) est\u00e3o revoltados com os constantes atrasos nos sal\u00e1rios. Nem o acordo firmado entre o sindicato da categoria (Sindserv) e a Prefeitura com intermedia\u00e7\u00e3o do Minist\u00e9rio P\u00fablico do Trabalho (MPT) tem sido cumprido pela administra\u00e7\u00e3o municipal. Pelo acordo, a Prefeitura se comprometia a pagar os sal\u00e1rios todo quinto dia \u00fatil de cada m\u00eas.<br \/>\nTemendo ainda pelo n\u00e3o recebimento do 13\u00ba Sal\u00e1rio, no dia 20\/12, pr\u00f3xima segunda-feira, data limite para pagamento, os servidores e funcion\u00e1rios do HBLEM, em assembl\u00e9ia realizada no dia 14\/12, decidiram que caso, os sal\u00e1rios n\u00e3o estejam na conta na pr\u00f3xima segunda, a categoria realizar\u00e1 paralisa\u00e7\u00e3o de advert\u00eancia no dia 21 de dezembro, ter\u00e7a-feira.<br \/>\n<em>\u201cO Sindserv est\u00e1 organizando mais esta manifesta\u00e7\u00e3o em apoio aos servidores do Hospital de Base, trabalhadores que sofrem com a inseguran\u00e7a e os preju\u00edzos causados pelos constantes atrasos nos sal\u00e1rios\u201d, <\/em>garante Karla L\u00facia, presidenta do sindicato.<\/p>\n","protected":false},"excerpt":{"rendered":"<p>Os servidores e funcion\u00e1rios do Hospital de Base de Itabuna (HBLEM) est\u00e3o revoltados com os constantes atrasos nos sal\u00e1rios. Nem o acordo firmado entre o sindicato da categoria (Sindserv) e a Prefeitura com intermedia\u00e7\u00e3o do Minist\u00e9rio P\u00fablico do Trabalho (MPT) tem sido cumprido pela administra\u00e7\u00e3o municipal. Pelo acordo, a Prefeitura se comprometia a pagar os [&hellip;]<\/p>\n","protected":false},"author":2,"featured_media":0,"comment_status":"open","ping_status":"open","sticky":false,"template":"","format":"standard","meta":{"_links_to":"","_links_to_target":""},"categories":[15],"tags":[],"_links":{"self":[{"href":"https:\/\/www.r2cpress.com.br\/v1\/wp-json\/wp\/v2\/posts\/4658"}],"collection":[{"href":"https:\/\/www.r2cpress.com.br\/v1\/wp-json\/wp\/v2\/posts"}],"about":[{"href":"https:\/\/www.r2cpress.com.br\/v1\/wp-json\/wp\/v2\/types\/post"}],"author":[{"embeddable":true,"href":"https:\/\/www.r2cpress.com.br\/v1\/wp-json\/wp\/v2\/users\/2"}],"replies":[{"embeddable":true,"href":"https:\/\/www.r2cpress.com.br\/v1\/wp-json\/wp\/v2\/comments?post=4658"}],"version-history":[{"count":2,"href":"https:\/\/www.r2cpress.com.br\/v1\/wp-json\/wp\/v2\/posts\/4658\/revisions"}],"predecessor-version":[{"id":4660,"href":"https:\/\/www.r2cpress.com.br\/v1\/wp-json\/wp\/v2\/posts\/4658\/revisions\/4660"}],"wp:attachment":[{"href":"https:\/\/www.r2cpress.com.br\/v1\/wp-json\/wp\/v2\/media?parent=4658"}],"wp:term":[{"taxonomy":"category","embeddable":true,"href":"https:\/\/www.r2cpress.com.br\/v1\/wp-json\/wp\/v2\/categories?post=4658"},{"taxonomy":"post_tag","embeddable":true,"href":"https:\/\/www.r2cpress.com.br\/v1\/wp-json\/wp\/v2\/tags?post=4658"}],"curies":[{"name":"wp","href":"https:\/\/api.w.org\/{rel}","templated":true}]}}