{"id":47322,"date":"2012-08-09T12:03:58","date_gmt":"2012-08-09T15:03:58","guid":{"rendered":"http:\/\/www.r2cpress.com.br\/v1\/?p=47322"},"modified":"2012-08-09T12:03:58","modified_gmt":"2012-08-09T15:03:58","slug":"teatro-cinema-e-musica-na-casa-dos-artistas-de-ilheus","status":"publish","type":"post","link":"https:\/\/www.r2cpress.com.br\/v1\/2012\/08\/09\/teatro-cinema-e-musica-na-casa-dos-artistas-de-ilheus\/","title":{"rendered":"Teatro, cinema e m\u00fasica na  Casa dos Artistas de Ilh\u00e9us"},"content":{"rendered":"<div>A programa\u00e7\u00e3o deste final de semana da Casa dos Artistas de Ilh\u00e9us est\u00e1 recheada de teatro, cinema e m\u00fasica. Nesta sexta-feira (10) \u00e0s 20 horas, tem o projeto <em>Sextas de <\/em>Jorge com o Grupo Teatral Maktub apresentando <em>Das Matas ao Progresso<\/em>. No s\u00e1bado (11), a Cia, Boi da Cara Preta encena o musical infanto-juvenil <em>Lendas da Lagoa Encantada<\/em>, \u00e0s 17 horas. E, mais tarde, \u00e0s 20 horas, tem a sess\u00e3o-apresenta\u00e7\u00e3o do <em>Cinema Incidental.<\/em><em>Das Matas ao Progresso<\/em> faz parte do projeto <em>Sextas de Jorge<\/em>, em homenagem ao escritor grapi\u00fana. Inspirada em romances amadianos, a pe\u00e7a \u00e9 uma conta\u00e7\u00e3o de hist\u00f3rias sobre a sociedade ilheense do auge ao decl\u00ednio do cacau. Entre os personagens est\u00e3o Maria Machad\u00e3o e suas meninas, coron\u00e9is do cacau, trabalhadores de ro\u00e7a e beatas. A dire\u00e7\u00e3o \u00e9 assinada por F\u00e1bio Nascimento.<\/p>\n<p><em>Lendas da Lagoa Encantada<\/em> apresenta os personagens folcl\u00f3ricos do povoado da Lagoa Encantada tentando ajudar a comunidade para proteg\u00ea-la do bicho Mondrongo. Al\u00e9m de interpretar, o elenco da Cia. Boi da Cara Preta canta, dan\u00e7a e executa a trilha sonora ao vivo. Texto e m\u00fasicas s\u00e3o de Romualdo Lisboa e Elielton Cabe\u00e7a e a dire\u00e7\u00e3o de T\u00e2nia Barbosa.<\/p>\n<p>E o projeto <em>Cinema Incidental<\/em> estreou no m\u00eas passado, caiu no gosto do p\u00fablico e continua na programa\u00e7\u00e3o, dando novas trilhas sonoras para obras de Charles Chaplin. Enquanto o filme mudo \u00e9 projetado na tela, atr\u00e1s da plateia, os m\u00fasicos Elielton Cabe\u00e7a e Pablo Lisboa constroem m\u00fasicas e efeitos sonoras com instrumentos tradicionais e alternativos. A dire\u00e7\u00e3o do espet\u00e1culo \u00e9 de Elielton Cabe\u00e7a.<\/p>\n<p>Assim como as demais atra\u00e7\u00f5es da Casa dos Artistas, os ingressos para os espet\u00e1culos s\u00e3o vendidos a pre\u00e7os populares. Para ver <em>Das Matas ao Progresso<\/em> ou <em>Lendas da Lagoa<\/em>, as entradas custas R$ 10 e R$ 5. Os ingressos para <em>Cinema Incidental<\/em> custam R$ 6 e R$ 3. Vale lembrar que 20% da bilheteria \u00e9 dedicada para estu dantes de escola p\u00fablica que, comprovando sua matr\u00edcula, t\u00eam entrada franca.<\/p>\n<p><strong>Cineclube na segunda-feira<\/strong><\/p>\n<p><strong><em>\u00a0\u00a0\u00a0\u00a0\u00a0\u00a0\u00a0\u00a0\u00a0\u00a0\u00a0 <\/em><\/strong>Em agosto, o Cineclube \u00c9quio Reis acontece toda segunda-feira \u00e0s 19 horas. Como neste m\u00eas \u00e9 comemorado o centen\u00e1rio de Jorge Amado, o projeto est\u00e1 exibindo filmes inspirados nas obras do escritor. Na pr\u00f3xima sess\u00e3o, dia 13, ser\u00e1 projetado <em>Quincas Berro D\u2019\u00c1gua<\/em>. A classifica\u00e7\u00e3o \u00e9 de 14 anos e a entrada \u00e9 gratuita.<\/p>\n<\/div>\n","protected":false},"excerpt":{"rendered":"<p>A programa\u00e7\u00e3o deste final de semana da Casa dos Artistas de Ilh\u00e9us est\u00e1 recheada de teatro, cinema e m\u00fasica. Nesta sexta-feira (10) \u00e0s 20 horas, tem o projeto Sextas de Jorge com o Grupo Teatral Maktub apresentando Das Matas ao Progresso. No s\u00e1bado (11), a Cia, Boi da Cara Preta encena o musical infanto-juvenil Lendas [&hellip;]<\/p>\n","protected":false},"author":2,"featured_media":0,"comment_status":"open","ping_status":"open","sticky":false,"template":"","format":"standard","meta":{"_links_to":"","_links_to_target":""},"categories":[5],"tags":[],"_links":{"self":[{"href":"https:\/\/www.r2cpress.com.br\/v1\/wp-json\/wp\/v2\/posts\/47322"}],"collection":[{"href":"https:\/\/www.r2cpress.com.br\/v1\/wp-json\/wp\/v2\/posts"}],"about":[{"href":"https:\/\/www.r2cpress.com.br\/v1\/wp-json\/wp\/v2\/types\/post"}],"author":[{"embeddable":true,"href":"https:\/\/www.r2cpress.com.br\/v1\/wp-json\/wp\/v2\/users\/2"}],"replies":[{"embeddable":true,"href":"https:\/\/www.r2cpress.com.br\/v1\/wp-json\/wp\/v2\/comments?post=47322"}],"version-history":[{"count":3,"href":"https:\/\/www.r2cpress.com.br\/v1\/wp-json\/wp\/v2\/posts\/47322\/revisions"}],"predecessor-version":[{"id":47325,"href":"https:\/\/www.r2cpress.com.br\/v1\/wp-json\/wp\/v2\/posts\/47322\/revisions\/47325"}],"wp:attachment":[{"href":"https:\/\/www.r2cpress.com.br\/v1\/wp-json\/wp\/v2\/media?parent=47322"}],"wp:term":[{"taxonomy":"category","embeddable":true,"href":"https:\/\/www.r2cpress.com.br\/v1\/wp-json\/wp\/v2\/categories?post=47322"},{"taxonomy":"post_tag","embeddable":true,"href":"https:\/\/www.r2cpress.com.br\/v1\/wp-json\/wp\/v2\/tags?post=47322"}],"curies":[{"name":"wp","href":"https:\/\/api.w.org\/{rel}","templated":true}]}}