{"id":47448,"date":"2012-08-10T09:42:02","date_gmt":"2012-08-10T12:42:02","guid":{"rendered":"http:\/\/www.r2cpress.com.br\/v1\/?p=47448"},"modified":"2012-08-10T09:42:02","modified_gmt":"2012-08-10T12:42:02","slug":"jorge-amado","status":"publish","type":"post","link":"https:\/\/www.r2cpress.com.br\/v1\/2012\/08\/10\/jorge-amado\/","title":{"rendered":"Jorge Amado"},"content":{"rendered":"<div id=\"topoNot\" style=\"text-align: right;\">\n<p style=\"text-align: left;\"><strong>Fam\u00edlia Caymmi canta em homenagem a Jorge Amado<\/strong><\/p>\n<p style=\"text-align: left;\">Da reda\u00e7\u00e3o<\/p>\n<p>L\u00edvio Campos | Divulga\u00e7\u00e3o<\/p><\/div>\n<div id=\"fotoPeq\">\n<div>\n<ul>\n<li><img class=\"alignright\" src=\"http:\/\/fw.atarde.uol.com.br\/2012\/08\/340x255_1270314.jpg\" alt=\"\" \/><em><strong>Danilo, Nana e Dori v\u00e3o se apresentar em Ilh\u00e9us, com transmis\u00e3o da TVE<\/strong><\/em><\/li>\n<\/ul>\n<\/div>\n<\/div>\n<p>S\u00e1bado, a partir das 22h, a TVE transmite, direto da Pra\u00e7a da Catedral de Ilh\u00e9us, o show da fam\u00edlia Caymmi em homenagem a Jorge\u00a0 Amado. O autor baiano tinha v\u00ednculos<br \/>\nestreitos com a fam\u00edlia iniciados atrav\u00e9s da amizade entre ele e o compositor e patriarca Dorival Caymmi.<\/p>\n<div><\/div>\n<p>Os filhos do m\u00fasico mant\u00eam o vinculo com os Amados e prestam esta homenagem ao amigo do pai. Tanto o escritor quanto o m\u00fasico t\u00eam como marca das suas obras o registro da identidade cultural do litoral baiano.<\/p>\n<p><strong>No A TARDE ON LINE<\/strong><\/p>\n<p>http:\/\/atarde.uol.com.br\/cultura\/materias\/1446087-familia-caymmi-canta-em-homenagem-a-jorge-amado<\/p>\n","protected":false},"excerpt":{"rendered":"<p>Fam\u00edlia Caymmi canta em homenagem a Jorge Amado Da reda\u00e7\u00e3o L\u00edvio Campos | Divulga\u00e7\u00e3o Danilo, Nana e Dori v\u00e3o se apresentar em Ilh\u00e9us, com transmis\u00e3o da TVE S\u00e1bado, a partir das 22h, a TVE transmite, direto da Pra\u00e7a da Catedral de Ilh\u00e9us, o show da fam\u00edlia Caymmi em homenagem a Jorge\u00a0 Amado. O autor baiano [&hellip;]<\/p>\n","protected":false},"author":2,"featured_media":0,"comment_status":"open","ping_status":"open","sticky":false,"template":"","format":"standard","meta":{"_links_to":"","_links_to_target":""},"categories":[5],"tags":[],"_links":{"self":[{"href":"https:\/\/www.r2cpress.com.br\/v1\/wp-json\/wp\/v2\/posts\/47448"}],"collection":[{"href":"https:\/\/www.r2cpress.com.br\/v1\/wp-json\/wp\/v2\/posts"}],"about":[{"href":"https:\/\/www.r2cpress.com.br\/v1\/wp-json\/wp\/v2\/types\/post"}],"author":[{"embeddable":true,"href":"https:\/\/www.r2cpress.com.br\/v1\/wp-json\/wp\/v2\/users\/2"}],"replies":[{"embeddable":true,"href":"https:\/\/www.r2cpress.com.br\/v1\/wp-json\/wp\/v2\/comments?post=47448"}],"version-history":[{"count":4,"href":"https:\/\/www.r2cpress.com.br\/v1\/wp-json\/wp\/v2\/posts\/47448\/revisions"}],"predecessor-version":[{"id":47452,"href":"https:\/\/www.r2cpress.com.br\/v1\/wp-json\/wp\/v2\/posts\/47448\/revisions\/47452"}],"wp:attachment":[{"href":"https:\/\/www.r2cpress.com.br\/v1\/wp-json\/wp\/v2\/media?parent=47448"}],"wp:term":[{"taxonomy":"category","embeddable":true,"href":"https:\/\/www.r2cpress.com.br\/v1\/wp-json\/wp\/v2\/categories?post=47448"},{"taxonomy":"post_tag","embeddable":true,"href":"https:\/\/www.r2cpress.com.br\/v1\/wp-json\/wp\/v2\/tags?post=47448"}],"curies":[{"name":"wp","href":"https:\/\/api.w.org\/{rel}","templated":true}]}}