{"id":4849,"date":"2010-12-19T13:00:26","date_gmt":"2010-12-19T16:00:26","guid":{"rendered":"http:\/\/www.r2cpress.com.br\/v1\/?p=4849"},"modified":"2010-12-19T13:00:26","modified_gmt":"2010-12-19T16:00:26","slug":"decretada-prisao-de-acusado-de-degolar-as-duas-adolescentes","status":"publish","type":"post","link":"https:\/\/www.r2cpress.com.br\/v1\/2010\/12\/19\/decretada-prisao-de-acusado-de-degolar-as-duas-adolescentes\/","title":{"rendered":"Decretada pris\u00e3o de acusado de degolar as duas adolescentes"},"content":{"rendered":"<p><em><strong>Ainda ontem, a Justi\u00e7a determinou a prorroga\u00e7\u00e3o das pris\u00f5es, por mais 30 dias, de Jarbas Cristiano Chaves de Souza e Adriano Silva Nunes, capturados no in\u00edcio das investiga\u00e7\u00f5es<\/strong><\/em><\/p>\n<p><div style=\"width: 270px\" class=\"wp-caption alignleft\"><img loading=\"lazy\" alt=\"Cr\u00e9dito: Reprodu\u00e7\u00e3o\" src=\"http:\/\/www.correio24horas.com.br\/uploads\/tx_templavoila\/decapitadas_capa.jpg\" title=\"Cr\u00e9dito: Reprodu\u00e7\u00e3o\" width=\"260\" height=\"110\" \/><p class=\"wp-caption-text\">Cr\u00e9dito: Reprodu\u00e7\u00e3o<\/p><\/div>Na v\u00e9spera de completar um m\u00eas das tr\u00e1gicas mortes das adolescentes Gabriela Alves Nunes, 13 anos, e Jana\u00edna Cristina Brito Concei\u00e7\u00e3o, 16, decapitadas em 19 de novembro, no IAPI, a Justi\u00e7a determinou, ontem, a pris\u00e3o de Danilo Rocha de Carvalho, 18 anos, o Cacaroto, um dos sete envolvidos no crime. Ele est\u00e1 foragido.<\/p>\n<p>Ainda ontem, a Justi\u00e7a determinou a prorroga\u00e7\u00e3o das pris\u00f5es, por mais 30 dias, de Jarbas Cristiano Chaves de Souza e Adriano Silva Nunes, capturados no in\u00edcio das investiga\u00e7\u00f5es. A decis\u00e3o foi tomada devido \u00e0 complexidade do caso. Ainda n\u00e3o foram localizados os traficantes Alex dos Santos Silva, 21, o Lequinho, Risovaldo Hora Costa, 20 anos, o Riso, al\u00e9m do motorista do Fiat Punto usado para transportar os corpos at\u00e9 a avenida San Martin. J\u00e1 o traficante V\u00edtor Santos de Almeida, o Branco, foi morto em opera\u00e7\u00e3o recente da pol\u00edcia na Ilha de Itaparica.<\/p>\n<p>Reda\u00e7\u00e3o <a href = \"http:\/\/www.correio24horas.com.br\/noticias\/detalhes\/detalhes-1\/artigo\/decretada-prisao-de-acusado-de-degolar-as-duas-adolescentes\/\" target = \"_news\"><b>CORREIO DA BAHIA<\/b><\/a><\/p>\n","protected":false},"excerpt":{"rendered":"<p>Ainda ontem, a Justi\u00e7a determinou a prorroga\u00e7\u00e3o das pris\u00f5es, por mais 30 dias, de Jarbas Cristiano Chaves de Souza e Adriano Silva Nunes, capturados no in\u00edcio das investiga\u00e7\u00f5es Na v\u00e9spera de completar um m\u00eas das tr\u00e1gicas mortes das adolescentes Gabriela Alves Nunes, 13 anos, e Jana\u00edna Cristina Brito Concei\u00e7\u00e3o, 16, decapitadas em 19 de novembro, [&hellip;]<\/p>\n","protected":false},"author":2,"featured_media":0,"comment_status":"open","ping_status":"open","sticky":false,"template":"","format":"standard","meta":{"_links_to":"","_links_to_target":""},"categories":[25],"tags":[],"_links":{"self":[{"href":"https:\/\/www.r2cpress.com.br\/v1\/wp-json\/wp\/v2\/posts\/4849"}],"collection":[{"href":"https:\/\/www.r2cpress.com.br\/v1\/wp-json\/wp\/v2\/posts"}],"about":[{"href":"https:\/\/www.r2cpress.com.br\/v1\/wp-json\/wp\/v2\/types\/post"}],"author":[{"embeddable":true,"href":"https:\/\/www.r2cpress.com.br\/v1\/wp-json\/wp\/v2\/users\/2"}],"replies":[{"embeddable":true,"href":"https:\/\/www.r2cpress.com.br\/v1\/wp-json\/wp\/v2\/comments?post=4849"}],"version-history":[{"count":3,"href":"https:\/\/www.r2cpress.com.br\/v1\/wp-json\/wp\/v2\/posts\/4849\/revisions"}],"predecessor-version":[{"id":4852,"href":"https:\/\/www.r2cpress.com.br\/v1\/wp-json\/wp\/v2\/posts\/4849\/revisions\/4852"}],"wp:attachment":[{"href":"https:\/\/www.r2cpress.com.br\/v1\/wp-json\/wp\/v2\/media?parent=4849"}],"wp:term":[{"taxonomy":"category","embeddable":true,"href":"https:\/\/www.r2cpress.com.br\/v1\/wp-json\/wp\/v2\/categories?post=4849"},{"taxonomy":"post_tag","embeddable":true,"href":"https:\/\/www.r2cpress.com.br\/v1\/wp-json\/wp\/v2\/tags?post=4849"}],"curies":[{"name":"wp","href":"https:\/\/api.w.org\/{rel}","templated":true}]}}