{"id":48540,"date":"2012-08-24T14:56:28","date_gmt":"2012-08-24T17:56:28","guid":{"rendered":"http:\/\/www.r2cpress.com.br\/v1\/?p=48540"},"modified":"2012-08-24T14:56:28","modified_gmt":"2012-08-24T17:56:28","slug":"ator-premiado-em-londres-realiza-workshop-em-ilheus","status":"publish","type":"post","link":"https:\/\/www.r2cpress.com.br\/v1\/2012\/08\/24\/ator-premiado-em-londres-realiza-workshop-em-ilheus\/","title":{"rendered":"ATOR PREMIADO EM LONDRES REALIZA WORKSHOP EM ILH\u00c9US"},"content":{"rendered":"<div>\n<div>\n<div>\n<div id=\"attachment_48541\" style=\"width: 176px\" class=\"wp-caption alignleft\"><a href=\"http:\/\/www.r2cpress.com.br\/v1\/wp-content\/uploads\/Ator-Internacional-Roberto-Cordovani.jpg\"><img aria-describedby=\"caption-attachment-48541\" loading=\"lazy\" class=\"size-full wp-image-48541\" title=\"Ator Internacional Roberto Cordovani\" src=\"http:\/\/www.r2cpress.com.br\/v1\/wp-content\/uploads\/Ator-Internacional-Roberto-Cordovani.jpg\" alt=\"\" width=\"166\" height=\"200\" \/><\/a><p id=\"caption-attachment-48541\" class=\"wp-caption-text\">Roberto Cordovani<\/p><\/div>\n<p>A Funda\u00e7\u00e3o Cultural de Ilh\u00e9us vai realizar uma Oficina de T\u00e9cnicas Interpretativas com o premiado ator Roberto Cordovani. De passagem por Ilh\u00e9us para apresentar o espet\u00e1culo\u00a0\u00a0<strong>\u201cO Retrato de Dorian Gray\u201c,<\/strong> o ator, autor, produtor teatral e diretor internacional, ministrar\u00e1 nos pr\u00f3ximos dias <strong>27 e 28 de agosto<\/strong> (segunda e ter\u00e7a-feira), <strong>das 19h \u00e0s 22h, no Teatro Municipal de Ilh\u00e9us,<\/strong> o <strong>Workshop de T\u00e9cnicas Interpretativas<\/strong>.<\/div>\n<\/div>\n<div>\n<div>\n<p>Cordovani, que j\u00e1 recebeu o pr\u00eamio de &#8220;Melhor Ator em Londres, Madri e Santiago de Compostela&#8221;,\u00a0abordar\u00e1 a catarse na interpreta\u00e7\u00e3o, o teatro naturalista, as t\u00e9cnicas no drama e o teatro brasileiro na Gal\u00edcia (Espanha). Para o presidente da Funda\u00e7\u00e3o Cultural de Ilh\u00e9us &#8220;esta \u00e9 uma oportunidade \u00edmpar para os atores e diretores de teatro da regi\u00e3o abrirem um di\u00e1logo intercultural e fortalecerem o aprendizado com a experi\u00eancia de um ator consagrado&#8221;. Maiores informa\u00e7\u00f5es e tamb\u00e9m as inscri\u00e7\u00f5es gratuitas para atores maiores de 18 anos, poder\u00e3o ser feitas atrav\u00e9s do site da Funda\u00e7\u00e3o Cultural de Ilh\u00e9us: <a href=\"http:\/\/www.culturailheus.com.br\" target=\"_blank\">www.culturailheus.com.br\u00a0<\/a>.<\/p>\n<\/div>\n<div>\n<p>Roberto Cordovani \u00e9 ator, autor do livro \u201cO Teatro Brasileiro na Galiza\u201d, publicado pelo Departamento de Galego-Portugu\u00eas, Franc\u00eas e Lingu\u00edstica da Universidade da Coru\u00f1a, co-propriet\u00e1rio do Teatro Arte Livre, em Vigo (Galiza), produtor teatral e diretor. Premiado com o espet\u00e1culo \u201cOlhares de Perfil (o mito de Greta Garbo)\u201d no Festival Internacional de Edimburgo (Esc\u00f3cia) e como melhor ator protagonista no Carrefour de L\u00b4Europe (Fran\u00e7a 1988), Charrington London Fringe Awards (Inglaterra 1988) e no Pr\u00eamio da Mostra Internacional do Festival de Outono de Madri (Espanha 1994). Com Eva Per\u00f3n, o espect\u00e1culo, recebeu o Pr\u00eamio Compostela de Teatro de mesma categoria em 1995, na Espanha. Cordovani soma em sua carreira art\u00edstica, um total de 35 produ\u00e7\u00f5es em 11 pa\u00edses, 515 cidades, com aproximadamente 5.850 representa\u00e7\u00f5es.<\/p>\n<p><strong>WORKSHOP INTERNACIONAL DE T\u00c9CNICAS INTERPRETATIVAS<\/strong><\/p>\n<div>\n<div>\n<div dir=\"ltr\">\n<div>\n<p>Conte\u00fado program\u00e1tico: A catarse na interpreta\u00e7ao, O teatro naturalista. T\u00e9cnicas no drama. O Teatro Brasileiro na Galicia. Dias: 27 e 28\/08\/12 Hor\u00e1rio: das 19h00 \u00e0s 22h00 Local: Teatro Municipal de Ilh\u00e9us. Ministrante: Roberto Cordovani. Este Workshop \u00e9 inteiramente gratuito e oferecido pela Funda\u00e7\u00e3o Cultural de Ilh\u00e9us.<\/p>\n<p>Mini-curr\u00edculo do ministrante: Ator, Autor, Produtor teatral e Diretor Premiado com o espet\u00e1culo \u201cOlhares de Perfil (o mito de Greta Garbo)\u201d no Festival Internacional de Edimburgo (Esc\u00f3cia) e como melhor ator protagonista no Carrefour de L\u00b4Europe (Fran\u00e7a 1988), Charrington London Fringe Awards (Inglaterra 1988) e no Pr\u00e9mio da Mostra Internacional do Festival de Outono de Madri (Espanha 1994). Com Eva Per\u00f3n, O Espect\u00e1culo, recebeu o Pr\u00e9mio Compostela de Teatro de mesma categoria em 1995, na Espanha. Cordovani soma em sua carreira art\u00edstica, um total de 35 produ\u00e7\u00f5es em 11 pa\u00edses, 515 cidades, com aproximadamente 5.850 representa\u00e7\u00f5es. Autor do livro: \u201cO Teatro brasileiro na Galiza\u201d, publicado pelo Departamento de Galego-Portugu\u00eas, Franc\u00eas e Lingu\u00edstica da Universidade da Coru\u00f1a. Co-propriet\u00e1rio do Teatro Arte Livre, em Vigo (Galiza).<\/p>\n<\/div>\n<div>\n<div><strong>FICHA DE INSCRI\u00c7\u00c3O SIMPLIFICADA E GRATUITA\u00a0<\/strong><\/div>\n<div>\n<div>\n<div>\n<div><label>Nome completo *<\/label> <label>Como constar\u00e1 no certificado<\/label> <input type=\"text\" value=\"\" \/><\/div>\n<\/div>\n<\/div>\n<div>\n<div>\n<div><label>Idade *<\/label> <label><\/label> <input type=\"text\" value=\"\" \/><\/div>\n<\/div>\n<\/div>\n<div>\n<div>\n<div><label>E-mail *<\/label> <label>informe um e-mail v\u00e1lido, para receber a confirma\u00e7\u00e3o da inscri\u00e7\u00e3o<\/label> <input type=\"text\" value=\"\" \/><\/div>\n<\/div>\n<\/div>\n<div>\n<div>\n<div><label>RG *<\/label> <label><\/label> <input type=\"text\" value=\"\" \/><\/div>\n<\/div>\n<\/div>\n<div>\n<div>\n<div><label>Experi\u00eancia na \u00e1rea *<\/label><\/p>\n<div>\n<div data-tooltip=\"Ocultar conte\u00fado expandido\"><\/div>\n<\/div>\n<\/div>\n<\/div>\n<\/div>\n<\/div>\n<\/div>\n<\/div>\n<\/div>\n<\/div>\n<\/div>\n<\/div>\n<\/div>\n<div>\n<div>\n<p align=\"justify\"><span style=\"font-family: arial,helvetica,sans-serif;\">Teatro Municipal de Ilh\u00e9us<br \/>\n<\/span><a href=\"http:\/\/www.culturailheus.com.br\/\" target=\"_blank\"><span style=\"font-family: arial,helvetica,sans-serif;\">www.culturailheus.com.br<\/span><\/a><br \/>\n<span style=\"font-family: arial,helvetica,sans-serif;\">(73) 3634 4721<\/span><\/p>\n<\/div>\n<\/div>\n","protected":false},"excerpt":{"rendered":"<p>A Funda\u00e7\u00e3o Cultural de Ilh\u00e9us vai realizar uma Oficina de T\u00e9cnicas Interpretativas com o premiado ator Roberto Cordovani. De passagem por Ilh\u00e9us para apresentar o espet\u00e1culo\u00a0\u00a0\u201cO Retrato de Dorian Gray\u201c, o ator, autor, produtor teatral e diretor internacional, ministrar\u00e1 nos pr\u00f3ximos dias 27 e 28 de agosto (segunda e ter\u00e7a-feira), das 19h \u00e0s 22h, no [&hellip;]<\/p>\n","protected":false},"author":2,"featured_media":0,"comment_status":"open","ping_status":"open","sticky":false,"template":"","format":"standard","meta":{"_links_to":"","_links_to_target":""},"categories":[5],"tags":[],"_links":{"self":[{"href":"https:\/\/www.r2cpress.com.br\/v1\/wp-json\/wp\/v2\/posts\/48540"}],"collection":[{"href":"https:\/\/www.r2cpress.com.br\/v1\/wp-json\/wp\/v2\/posts"}],"about":[{"href":"https:\/\/www.r2cpress.com.br\/v1\/wp-json\/wp\/v2\/types\/post"}],"author":[{"embeddable":true,"href":"https:\/\/www.r2cpress.com.br\/v1\/wp-json\/wp\/v2\/users\/2"}],"replies":[{"embeddable":true,"href":"https:\/\/www.r2cpress.com.br\/v1\/wp-json\/wp\/v2\/comments?post=48540"}],"version-history":[{"count":3,"href":"https:\/\/www.r2cpress.com.br\/v1\/wp-json\/wp\/v2\/posts\/48540\/revisions"}],"predecessor-version":[{"id":48544,"href":"https:\/\/www.r2cpress.com.br\/v1\/wp-json\/wp\/v2\/posts\/48540\/revisions\/48544"}],"wp:attachment":[{"href":"https:\/\/www.r2cpress.com.br\/v1\/wp-json\/wp\/v2\/media?parent=48540"}],"wp:term":[{"taxonomy":"category","embeddable":true,"href":"https:\/\/www.r2cpress.com.br\/v1\/wp-json\/wp\/v2\/categories?post=48540"},{"taxonomy":"post_tag","embeddable":true,"href":"https:\/\/www.r2cpress.com.br\/v1\/wp-json\/wp\/v2\/tags?post=48540"}],"curies":[{"name":"wp","href":"https:\/\/api.w.org\/{rel}","templated":true}]}}