{"id":4907,"date":"2010-12-20T12:07:07","date_gmt":"2010-12-20T15:07:07","guid":{"rendered":"http:\/\/www.r2cpress.com.br\/v1\/?p=4907"},"modified":"2010-12-20T12:07:07","modified_gmt":"2010-12-20T15:07:07","slug":"diretor-da-rede-de-farmacias-boa-farma-se-mata-apos-assassinar-presidente","status":"publish","type":"post","link":"https:\/\/www.r2cpress.com.br\/v1\/2010\/12\/20\/diretor-da-rede-de-farmacias-boa-farma-se-mata-apos-assassinar-presidente\/","title":{"rendered":"Diretor da rede de farm\u00e1cias Boa Farma se mata ap\u00f3s assassinar presidente"},"content":{"rendered":"<p><em><strong>O crime aconteceu na sede da empresa, na Rua das Ac\u00e1cias, n\u00ba 261, no Caminho das \u00c1rvores, em Salvador<br \/>\n<\/strong><\/em><\/p>\n<p>O diretor da rede de farm\u00e1cias Boa Farma, Alb\u00e9rico Pinto Lopes, matou a tiros o presidente da empresa Waldir Mattos R\u00e9gis na manh\u00e3 desta segunda-feira (20), em Salvador.  Segundo o delegado Andr\u00e9 Carneiro, ap\u00f3s atirar no presidente, o diretor se matou com um tiro na cabe\u00e7a.<\/p>\n<p>Waldir chegou a ser socorrido em estado grave ao Hospital Geral do Estado, mas n\u00e3o resistiu ao ferimento e morreu na emerg\u00eancia. O crime aconteceu na sede da empresa, na Rua das Ac\u00e1cias, n\u00ba 261, no Caminho das \u00c1rvores.<\/p>\n<p>Em um comunicado no site da Boa Farma, elei\u00e7\u00f5es para definir os cargos de diretores, conselheiros administrativos e fiscais est\u00e3o previstas para acontecer no in\u00edcio de 2011. <\/p>\n<p>Reda\u00e7\u00e3o <a href = \"http:\/\/www.correio24horas.com.br\/noticias\/detalhes\/detalhes-1\/artigo\/diretor-da-rede-de-farmacias-boa-farma-se-mata-apos-assassinar-ex-presidente\/\" target = \"_news\"><b>CORREIO DA BAHIA<\/b><\/a><\/p>\n","protected":false},"excerpt":{"rendered":"<p>O crime aconteceu na sede da empresa, na Rua das Ac\u00e1cias, n\u00ba 261, no Caminho das \u00c1rvores, em Salvador O diretor da rede de farm\u00e1cias Boa Farma, Alb\u00e9rico Pinto Lopes, matou a tiros o presidente da empresa Waldir Mattos R\u00e9gis na manh\u00e3 desta segunda-feira (20), em Salvador. Segundo o delegado Andr\u00e9 Carneiro, ap\u00f3s atirar no [&hellip;]<\/p>\n","protected":false},"author":2,"featured_media":0,"comment_status":"open","ping_status":"open","sticky":false,"template":"","format":"standard","meta":{"_links_to":"","_links_to_target":""},"categories":[13],"tags":[],"_links":{"self":[{"href":"https:\/\/www.r2cpress.com.br\/v1\/wp-json\/wp\/v2\/posts\/4907"}],"collection":[{"href":"https:\/\/www.r2cpress.com.br\/v1\/wp-json\/wp\/v2\/posts"}],"about":[{"href":"https:\/\/www.r2cpress.com.br\/v1\/wp-json\/wp\/v2\/types\/post"}],"author":[{"embeddable":true,"href":"https:\/\/www.r2cpress.com.br\/v1\/wp-json\/wp\/v2\/users\/2"}],"replies":[{"embeddable":true,"href":"https:\/\/www.r2cpress.com.br\/v1\/wp-json\/wp\/v2\/comments?post=4907"}],"version-history":[{"count":2,"href":"https:\/\/www.r2cpress.com.br\/v1\/wp-json\/wp\/v2\/posts\/4907\/revisions"}],"predecessor-version":[{"id":4909,"href":"https:\/\/www.r2cpress.com.br\/v1\/wp-json\/wp\/v2\/posts\/4907\/revisions\/4909"}],"wp:attachment":[{"href":"https:\/\/www.r2cpress.com.br\/v1\/wp-json\/wp\/v2\/media?parent=4907"}],"wp:term":[{"taxonomy":"category","embeddable":true,"href":"https:\/\/www.r2cpress.com.br\/v1\/wp-json\/wp\/v2\/categories?post=4907"},{"taxonomy":"post_tag","embeddable":true,"href":"https:\/\/www.r2cpress.com.br\/v1\/wp-json\/wp\/v2\/tags?post=4907"}],"curies":[{"name":"wp","href":"https:\/\/api.w.org\/{rel}","templated":true}]}}