{"id":4910,"date":"2010-12-20T12:12:12","date_gmt":"2010-12-20T15:12:12","guid":{"rendered":"http:\/\/www.r2cpress.com.br\/v1\/?p=4910"},"modified":"2010-12-20T12:12:12","modified_gmt":"2010-12-20T15:12:12","slug":"servidores-da-coelba-entram-em-greve-por-tempo-indeterminado","status":"publish","type":"post","link":"https:\/\/www.r2cpress.com.br\/v1\/2010\/12\/20\/servidores-da-coelba-entram-em-greve-por-tempo-indeterminado\/","title":{"rendered":"Servidores da Coelba entram em greve por tempo indeterminado"},"content":{"rendered":"<p><a href=\"http:\/\/www.r2cpress.com.br\/v1\/wp-content\/uploads\/Arestides-Baptista-Ag\u00eancia-A-Tarde.jpg\"><img loading=\"lazy\" src=\"http:\/\/www.r2cpress.com.br\/v1\/wp-content\/uploads\/Arestides-Baptista-Ag\u00eancia-A-Tarde-300x212.jpg\" alt=\"\" title=\"Arestides Baptista  Ag\u00eancia A Tarde\" width=\"300\" height=\"212\" class=\"alignleft size-medium wp-image-4911\" srcset=\"https:\/\/www.r2cpress.com.br\/v1\/wp-content\/uploads\/Arestides-Baptista-Ag\u00eancia-A-Tarde-300x212.jpg 300w, https:\/\/www.r2cpress.com.br\/v1\/wp-content\/uploads\/Arestides-Baptista-Ag\u00eancia-A-Tarde.jpg 700w\" sizes=\"(max-width: 300px) 100vw, 300px\" \/><\/a>Servidores da Coelba paralisaram as atividades em todo o estado, nesta segunda-feira, 20, por tempo indeterminado. Em Salvador, cerca de 450 trabalhadores montaram piquete com faixas, em frente \u00e0 sede da empresa, na Avenida Edgar Santos, no Cabula. A previs\u00e3o \u00e9 que os trabalhadores fiquem no local at\u00e9 as 16h, quando est\u00e1 prevista uma assembleia.<\/p>\n<p>Segundo Jean Cl\u00e1udio, assessor de imprensa do Sindicato dos Eletricit\u00e1rios da Bahia (Sinergia), a paralisa\u00e7\u00e3o afeta principalmente os servi\u00e7os de manuten\u00e7\u00e3o e reparo da rede. \u201cA distribui\u00e7\u00e3o de energia est\u00e1 sendo feita por 30% do efetivo que trabalha em regime de revezamento de turno conforme garante acordo operacional\u201d, explica. <\/p>\n<p><!--more--><\/p>\n<p>A greve foi deliberada durante assembleia realizada na \u00faltima sexta-feira, 17, e tem ades\u00e3o de quase 80% dos servidores, segundo o Sinergia. De acordo com Jean Cl\u00e1udio, a ades\u00e3o \u00e0 greve \u00e9 maior em Itabuna, Barreiras, Vit\u00f3ria da Conquista, Feira de Santana, Juazeiro, Santo Ant\u00f4nio de Jesus e Salvador, munic\u00edpios que comp\u00f5em os principais centros de distribui\u00e7\u00e3o de energia.<\/p>\n<p>Sem previs\u00e3o de acordo, os servidores pleiteiam a cria\u00e7\u00e3o do plano de cargos e sal\u00e1rios, manuten\u00e7\u00e3o e amplia\u00e7\u00e3o da participa\u00e7\u00e3o da empresa no plano de sa\u00fade, amplia\u00e7\u00e3o da estabilidade pr\u00e9-aposentadoria de 24 para 36 meses e o fortalecimento da Funda\u00e7\u00e3o Faelba.<\/p>\n<p>Coelba \u2013 Em nota divulgada na sexta-feira, 17, a Coelba afirmou que a empresa ir\u00e1 tomar todas as provid\u00eancias para assegurar o acesso dos funcion\u00e1rios que pretendem trabalhar e garantir a normalidade do fornecimento de energia el\u00e9trica e demais servi\u00e7os prestados pela concession\u00e1ria, em cumprimento \u00e0 legisla\u00e7\u00e3o vigente.<\/p>\n<p>Segundo o comunicado, a empresa teria iniciado as negocia\u00e7\u00f5es com o Sinergia no dia 14 de outubro, tendo sido realizadas nove reuni\u00f5es, com fechamento de 35 cl\u00e1usulas. A empresa ressaltou ainda, que os servi\u00e7os e o atendimento nas ag\u00eancias estar\u00e3o funcionando.<\/p>\n<p>A reportagem do A Tarde On Line entrou em contato com a assessoria de comunica\u00e7\u00e3o da Coelba e aguarda resposta sobre o posicionamento da empresa diante da deflagra\u00e7\u00e3o da greve. <\/p>\n<p>L\u00edliam Cunha, do <a href = \"http:\/\/atarde.com.br\/cidades\/noticia.jsf?id=5664332\" target = \"_news\"><b>A Tarde On Line<\/b><\/a><\/p>\n","protected":false},"excerpt":{"rendered":"<p>Servidores da Coelba paralisaram as atividades em todo o estado, nesta segunda-feira, 20, por tempo indeterminado. Em Salvador, cerca de 450 trabalhadores montaram piquete com faixas, em frente \u00e0 sede da empresa, na Avenida Edgar Santos, no Cabula. A previs\u00e3o \u00e9 que os trabalhadores fiquem no local at\u00e9 as 16h, quando est\u00e1 prevista uma assembleia. [&hellip;]<\/p>\n","protected":false},"author":2,"featured_media":0,"comment_status":"open","ping_status":"open","sticky":false,"template":"","format":"standard","meta":{"_links_to":"","_links_to_target":""},"categories":[13],"tags":[],"_links":{"self":[{"href":"https:\/\/www.r2cpress.com.br\/v1\/wp-json\/wp\/v2\/posts\/4910"}],"collection":[{"href":"https:\/\/www.r2cpress.com.br\/v1\/wp-json\/wp\/v2\/posts"}],"about":[{"href":"https:\/\/www.r2cpress.com.br\/v1\/wp-json\/wp\/v2\/types\/post"}],"author":[{"embeddable":true,"href":"https:\/\/www.r2cpress.com.br\/v1\/wp-json\/wp\/v2\/users\/2"}],"replies":[{"embeddable":true,"href":"https:\/\/www.r2cpress.com.br\/v1\/wp-json\/wp\/v2\/comments?post=4910"}],"version-history":[{"count":3,"href":"https:\/\/www.r2cpress.com.br\/v1\/wp-json\/wp\/v2\/posts\/4910\/revisions"}],"predecessor-version":[{"id":4914,"href":"https:\/\/www.r2cpress.com.br\/v1\/wp-json\/wp\/v2\/posts\/4910\/revisions\/4914"}],"wp:attachment":[{"href":"https:\/\/www.r2cpress.com.br\/v1\/wp-json\/wp\/v2\/media?parent=4910"}],"wp:term":[{"taxonomy":"category","embeddable":true,"href":"https:\/\/www.r2cpress.com.br\/v1\/wp-json\/wp\/v2\/categories?post=4910"},{"taxonomy":"post_tag","embeddable":true,"href":"https:\/\/www.r2cpress.com.br\/v1\/wp-json\/wp\/v2\/tags?post=4910"}],"curies":[{"name":"wp","href":"https:\/\/api.w.org\/{rel}","templated":true}]}}