{"id":49553,"date":"2012-09-10T19:21:59","date_gmt":"2012-09-10T22:21:59","guid":{"rendered":"http:\/\/www.r2cpress.com.br\/v1\/?p=49553"},"modified":"2012-09-10T19:21:59","modified_gmt":"2012-09-10T22:21:59","slug":"jabes-e-aclamado-por-moradores-de-inema","status":"publish","type":"post","link":"https:\/\/www.r2cpress.com.br\/v1\/2012\/09\/10\/jabes-e-aclamado-por-moradores-de-inema\/","title":{"rendered":"Jabes \u00e9 aclamado por moradores de Inema"},"content":{"rendered":"<p><div id=\"attachment_49554\" style=\"width: 310px\" class=\"wp-caption alignleft\"><a href=\"http:\/\/www.r2cpress.com.br\/v1\/wp-content\/uploads\/Corpo-a-corpo-em-Inema-4.jpg\"><img aria-describedby=\"caption-attachment-49554\" loading=\"lazy\" src=\"http:\/\/www.r2cpress.com.br\/v1\/wp-content\/uploads\/Corpo-a-corpo-em-Inema-4-300x201.jpg\" alt=\"\" title=\"Corpo a corpo em Inema (4)\" width=\"300\" height=\"201\" class=\"size-medium wp-image-49554\" srcset=\"https:\/\/www.r2cpress.com.br\/v1\/wp-content\/uploads\/Corpo-a-corpo-em-Inema-4-300x201.jpg 300w, https:\/\/www.r2cpress.com.br\/v1\/wp-content\/uploads\/Corpo-a-corpo-em-Inema-4.jpg 680w\" sizes=\"(max-width: 300px) 100vw, 300px\" \/><\/a><p id=\"caption-attachment-49554\" class=\"wp-caption-text\">Jabes \/ Inema<\/p><\/div>Obras como a constru\u00e7\u00e3o do posto de sa\u00fade e a pavimenta\u00e7\u00e3o das principais ruas foram relembradas pelos moradores de Inema durante visita do candidato a prefeito da Coliga\u00e7\u00e3o Por Amor a Ilh\u00e9us, Jabes (11) e comitiva, domingo, 9.  Ao lado do vice Cac\u00e1 (PMDB) e candidatos a vereador, ele participou da missa festiva e prociss\u00e3o em louvor \u00e0 padroeira do local, Nossa Senhora do Perp\u00e9tuo Socorro.<\/p>\n<p>Assim como vem fazendo durante toda a campanha, Jabes percorreu diversas ruas do distrito, comprovando as dificuldades enfrentadas pelos moradores, frutos da irresponsabilidade e incompet\u00eancia dos que governaram Ilh\u00e9us nos \u00faltimos oito anos. A falta de manuten\u00e7\u00e3o das estradas \u00e9 a principal queixa da popula\u00e7\u00e3o. Segundo o aut\u00f4nomo Gerson dos Santos, morador da Rua 15 de novembro, os obst\u00e1culos de acessibilidade s\u00e3o um transtorno di\u00e1rio para quem vive naquela \u00e1rea. \u201cMuita gente quando precisa se deslocar para cidades circunvizinhas n\u00e3o podem retornar ao mesmo dia\u201d, enfatiza.<\/p>\n<p><!--more--><\/p>\n<p>O caos na sa\u00fade p\u00fablica \u00e9 outra reclama\u00e7\u00e3o dos moradores de Inema. Gerson Santos protesta contra a falta de m\u00e9dicos na unidade de sa\u00fade. \u201cQuem atende aqui \u00e9 uma enfermeira, que n\u00e3o pode receitar um rem\u00e9dio, pois esta \u00e9 uma fun\u00e7\u00e3o do m\u00e9dico\u201d, questiona.<\/p>\n<p>A dom\u00e9stica Maria das Gra\u00e7as, 42 anos, compara a situa\u00e7\u00e3o de Inema na \u00e9poca da gest\u00e3o de Jabes com as duas \u00faltimas administra\u00e7\u00f5es que lideram o \u00edndice de rejei\u00e7\u00e3o em Ilh\u00e9us, e afirma que Jabes foi o prefeito que mais trabalhou por sua comunidade. \u201cQuando ele governou, n\u00e3o t\u00ednhamos problemas com a estrada, na unidade de sa\u00fade tinha m\u00e9dicos e dentistas. Ele implantou tamb\u00e9m a escola de segundo grau e pavimentou diversas ruas. Hoje falta merenda na escola, falta m\u00e9dico, a gente precisa ir para Coaraci, e se for um caso de urg\u00eancia morre no caminho\u201d, desabafa.<\/p>\n<p>A seguran\u00e7a no distrito tamb\u00e9m n\u00e3o \u00e9 levada a s\u00e9rio. Jabes ouviu de diversos moradores que policiamento s\u00f3 nos fins de semana, e ainda assim, \u00e9 incerto. O futuro prefeito de Ilh\u00e9us garantiu que voltar\u00e1 a cuidar dos distritos, com a aten\u00e7\u00e3o e o carinho que necessitam, como sempre fez.<\/p>\n<p> Atenciosamente,<br \/>\nAssessoria de Imprensa<\/p>\n","protected":false},"excerpt":{"rendered":"<p>Obras como a constru\u00e7\u00e3o do posto de sa\u00fade e a pavimenta\u00e7\u00e3o das principais ruas foram relembradas pelos moradores de Inema durante visita do candidato a prefeito da Coliga\u00e7\u00e3o Por Amor a Ilh\u00e9us, Jabes (11) e comitiva, domingo, 9. Ao lado do vice Cac\u00e1 (PMDB) e candidatos a vereador, ele participou da missa festiva e prociss\u00e3o [&hellip;]<\/p>\n","protected":false},"author":2,"featured_media":0,"comment_status":"open","ping_status":"open","sticky":false,"template":"","format":"standard","meta":{"_links_to":"","_links_to_target":""},"categories":[22],"tags":[],"_links":{"self":[{"href":"https:\/\/www.r2cpress.com.br\/v1\/wp-json\/wp\/v2\/posts\/49553"}],"collection":[{"href":"https:\/\/www.r2cpress.com.br\/v1\/wp-json\/wp\/v2\/posts"}],"about":[{"href":"https:\/\/www.r2cpress.com.br\/v1\/wp-json\/wp\/v2\/types\/post"}],"author":[{"embeddable":true,"href":"https:\/\/www.r2cpress.com.br\/v1\/wp-json\/wp\/v2\/users\/2"}],"replies":[{"embeddable":true,"href":"https:\/\/www.r2cpress.com.br\/v1\/wp-json\/wp\/v2\/comments?post=49553"}],"version-history":[{"count":2,"href":"https:\/\/www.r2cpress.com.br\/v1\/wp-json\/wp\/v2\/posts\/49553\/revisions"}],"predecessor-version":[{"id":49556,"href":"https:\/\/www.r2cpress.com.br\/v1\/wp-json\/wp\/v2\/posts\/49553\/revisions\/49556"}],"wp:attachment":[{"href":"https:\/\/www.r2cpress.com.br\/v1\/wp-json\/wp\/v2\/media?parent=49553"}],"wp:term":[{"taxonomy":"category","embeddable":true,"href":"https:\/\/www.r2cpress.com.br\/v1\/wp-json\/wp\/v2\/categories?post=49553"},{"taxonomy":"post_tag","embeddable":true,"href":"https:\/\/www.r2cpress.com.br\/v1\/wp-json\/wp\/v2\/tags?post=49553"}],"curies":[{"name":"wp","href":"https:\/\/api.w.org\/{rel}","templated":true}]}}