{"id":49564,"date":"2012-09-10T19:56:28","date_gmt":"2012-09-10T22:56:28","guid":{"rendered":"http:\/\/www.r2cpress.com.br\/v1\/?p=49564"},"modified":"2012-09-10T19:56:28","modified_gmt":"2012-09-10T22:56:28","slug":"faculdade-de-ilheus-promove-encontro-de-candidatos-a-prefeito-do-municipio","status":"publish","type":"post","link":"https:\/\/www.r2cpress.com.br\/v1\/2012\/09\/10\/faculdade-de-ilheus-promove-encontro-de-candidatos-a-prefeito-do-municipio\/","title":{"rendered":"Faculdade de Ilh\u00e9us promove encontro  de candidatos a prefeito do Munic\u00edpio"},"content":{"rendered":"<p>A Faculdade de Ilh\u00e9us, maior institui\u00e7\u00e3o privada de ensino superior da cidade, convidou os tr\u00eas candidatos a prefeito do Munic\u00edpio, Carmelita \u00c2ngela (PT), Jabes Ribeiro (PP) e Jorge Luiz (PSOL), para fazerem a apresenta\u00e7\u00e3o de suas propostas de governo \u00e0 comunidade acad\u00eamica, no dia 12 de setembro de 2012, a partir das 19 horas. O projeto \u201c<strong>Momento Pol\u00edtico<\/strong>\u201d ser\u00e1 realizado no audit\u00f3rio da pr\u00f3pria Faculdade, com o intuito de oferecer aos candidatos a oportunidade exclusiva de mostrar suas ideias sobre o futuro da cidade e da zona rural.<\/p>\n<p>Ser\u00e3o abordados cinco t\u00f3picos principais: Sa\u00fade, Educa\u00e7\u00e3o, Meio Ambiente e Transporte, Seguran\u00e7a e Cultura. Cada candidato ter\u00e1 dez minutos para exposi\u00e7\u00e3o dos respectivos programas de governo e depois responder\u00e3o a perguntas previamente formuladas por aluno, professores e funcion\u00e1rios desta Institui\u00e7\u00e3o, atrav\u00e9s das <strong>urnas <\/strong>que foram distribu\u00eddas na \u00e1rea de conviv\u00eancia do campus (t\u00e9rreo).<\/p>\n<p>Nesse sentido, a dire\u00e7\u00e3o da Faculdade de Ilh\u00e9us alertou aos candidatos que a finalidade do Momento Pol\u00edtico \u00e9 exclusivamente para apresenta\u00e7\u00e3o de projetos e n\u00e3o de debates. Desta forma, n\u00e3o ser\u00e1 admitida, sob hip\u00f3tese nenhuma, qualquer ofensa aos candidatos, nem a utiliza\u00e7\u00e3o de material de campanha, como panfletos, bandeiras, santinhos, faixas e apitos, no ambiente do evento.<\/p>\n","protected":false},"excerpt":{"rendered":"<p>A Faculdade de Ilh\u00e9us, maior institui\u00e7\u00e3o privada de ensino superior da cidade, convidou os tr\u00eas candidatos a prefeito do Munic\u00edpio, Carmelita \u00c2ngela (PT), Jabes Ribeiro (PP) e Jorge Luiz (PSOL), para fazerem a apresenta\u00e7\u00e3o de suas propostas de governo \u00e0 comunidade acad\u00eamica, no dia 12 de setembro de 2012, a partir das 19 horas. O [&hellip;]<\/p>\n","protected":false},"author":2,"featured_media":0,"comment_status":"open","ping_status":"open","sticky":false,"template":"","format":"standard","meta":{"_links_to":"","_links_to_target":""},"categories":[8],"tags":[],"_links":{"self":[{"href":"https:\/\/www.r2cpress.com.br\/v1\/wp-json\/wp\/v2\/posts\/49564"}],"collection":[{"href":"https:\/\/www.r2cpress.com.br\/v1\/wp-json\/wp\/v2\/posts"}],"about":[{"href":"https:\/\/www.r2cpress.com.br\/v1\/wp-json\/wp\/v2\/types\/post"}],"author":[{"embeddable":true,"href":"https:\/\/www.r2cpress.com.br\/v1\/wp-json\/wp\/v2\/users\/2"}],"replies":[{"embeddable":true,"href":"https:\/\/www.r2cpress.com.br\/v1\/wp-json\/wp\/v2\/comments?post=49564"}],"version-history":[{"count":3,"href":"https:\/\/www.r2cpress.com.br\/v1\/wp-json\/wp\/v2\/posts\/49564\/revisions"}],"predecessor-version":[{"id":49567,"href":"https:\/\/www.r2cpress.com.br\/v1\/wp-json\/wp\/v2\/posts\/49564\/revisions\/49567"}],"wp:attachment":[{"href":"https:\/\/www.r2cpress.com.br\/v1\/wp-json\/wp\/v2\/media?parent=49564"}],"wp:term":[{"taxonomy":"category","embeddable":true,"href":"https:\/\/www.r2cpress.com.br\/v1\/wp-json\/wp\/v2\/categories?post=49564"},{"taxonomy":"post_tag","embeddable":true,"href":"https:\/\/www.r2cpress.com.br\/v1\/wp-json\/wp\/v2\/tags?post=49564"}],"curies":[{"name":"wp","href":"https:\/\/api.w.org\/{rel}","templated":true}]}}