{"id":4957,"date":"2010-12-21T06:54:21","date_gmt":"2010-12-21T09:54:21","guid":{"rendered":"http:\/\/www.r2cpress.com.br\/v1\/?p=4957"},"modified":"2010-12-21T06:54:21","modified_gmt":"2010-12-21T09:54:21","slug":"dilma-define-mais-sete-nomes-do-ministerio","status":"publish","type":"post","link":"https:\/\/www.r2cpress.com.br\/v1\/2010\/12\/21\/dilma-define-mais-sete-nomes-do-ministerio\/","title":{"rendered":"Dilma define mais sete nomes do minist\u00e9rio"},"content":{"rendered":"<p>A presidente eleita, Dilma Rousseff, divulgou nesta segunda-feira, 20, os nomes de mais sete ministros que integrar\u00e3o sua equipe de governo. A produtora cultural Ana de Hollanda, irm\u00e3 do compositor Chico Buarque, ser\u00e1 a nova ministra da Cultura.<\/p>\n<p>O ministro das Rela\u00e7\u00f5es Institucionais, Alexandre Padilha, foi confirmado no Minist\u00e9rio da Sa\u00fade. Foi uma solu\u00e7\u00e3o pol\u00edtica e caseira, diante da impossibilidade de indicar um t\u00e9cnico expoente da \u00e1rea m\u00e9dica para a pasta, como era o desejo de Dilma. Com isso, o PT retorna ao comando da Sa\u00fade, pasta que nos \u00faltimos anos foi administrada pelo PMDB.<\/p>\n<p><!--more--><\/p>\n<p>Outras duas vit\u00f3rias partid\u00e1rias s\u00e3o: a perman\u00eancia de Orlando Silva no Minist\u00e9rio dos Esportes, para satisfa\u00e7\u00e3o do PCdoB, e a nomea\u00e7\u00e3o do ex-l\u00edder do PP deputado M\u00e1rio Negromonte para o Minist\u00e9rio das Cidades. Al\u00e9m do aval da bancada federal do PP, Negromonte ainda tem o apoio de um conterr\u00e2neo petista, o governador da Bahia, Jaques Wagner.<\/p>\n<p>O PCdoB travou uma queda de bra\u00e7o com a pr\u00f3pria Dilma, que desejava nomear uma mulher para o Minist\u00e9rio dos Esportes. O nome da ex-prefeita de Olinda Luciana Santos (PCdoB) foi cogitado, mas a Executiva nacional do partido apelou \u00e0 petista pela manuten\u00e7\u00e3o de Orlando Silva. O argumento \u00e9 de que ele adquiriu expertise \u00e0 frente do cargo para comandar os preparativos para a Copa do Mundo de 2014 e a Olimp\u00edada de 2016.<\/p>\n<p>Al\u00e9m de Ana de Hollanda, Dilma emplacou mais duas mulheres na Esplanada: a economista e assessora da Casa Civil Tereza Campelo no Minist\u00e9rio do Desenvolvimento Social &#8211; respons\u00e1vel pela gest\u00e3o do programa Bolsa-Fam\u00edlia -, e a soci\u00f3loga Luiza Helena de Bairros na Secretaria Especial de Promo\u00e7\u00e3o da Igualdade Racial.<\/p>\n<p>A petista tamb\u00e9m manteve o advogado Luis In\u00e1cio Adams no cargo de advogado-geral da Uni\u00e3o, que tem status de ministro. Com os an\u00fancios desta segunda, somam 30 os nomes confirmados para o minist\u00e9rio do futuro governo. Se Dilma mantiver o desenho ministerial do governo Lula, faltam sete nomes a serem anunciados. <\/p>\n<p>&#8212;<br \/>\nNo<a HREF = \"http:\/\/atarde.com.br\/politica\/noticia.jsf?id=5664566\" TARGET = \"_NEWS\"><b>A TARDE ONLINE<\/b><\/a><\/p>\n","protected":false},"excerpt":{"rendered":"<p>A presidente eleita, Dilma Rousseff, divulgou nesta segunda-feira, 20, os nomes de mais sete ministros que integrar\u00e3o sua equipe de governo. A produtora cultural Ana de Hollanda, irm\u00e3 do compositor Chico Buarque, ser\u00e1 a nova ministra da Cultura. O ministro das Rela\u00e7\u00f5es Institucionais, Alexandre Padilha, foi confirmado no Minist\u00e9rio da Sa\u00fade. Foi uma solu\u00e7\u00e3o pol\u00edtica [&hellip;]<\/p>\n","protected":false},"author":2,"featured_media":0,"comment_status":"open","ping_status":"open","sticky":false,"template":"","format":"standard","meta":{"_links_to":"","_links_to_target":""},"categories":[18],"tags":[],"_links":{"self":[{"href":"https:\/\/www.r2cpress.com.br\/v1\/wp-json\/wp\/v2\/posts\/4957"}],"collection":[{"href":"https:\/\/www.r2cpress.com.br\/v1\/wp-json\/wp\/v2\/posts"}],"about":[{"href":"https:\/\/www.r2cpress.com.br\/v1\/wp-json\/wp\/v2\/types\/post"}],"author":[{"embeddable":true,"href":"https:\/\/www.r2cpress.com.br\/v1\/wp-json\/wp\/v2\/users\/2"}],"replies":[{"embeddable":true,"href":"https:\/\/www.r2cpress.com.br\/v1\/wp-json\/wp\/v2\/comments?post=4957"}],"version-history":[{"count":2,"href":"https:\/\/www.r2cpress.com.br\/v1\/wp-json\/wp\/v2\/posts\/4957\/revisions"}],"predecessor-version":[{"id":4959,"href":"https:\/\/www.r2cpress.com.br\/v1\/wp-json\/wp\/v2\/posts\/4957\/revisions\/4959"}],"wp:attachment":[{"href":"https:\/\/www.r2cpress.com.br\/v1\/wp-json\/wp\/v2\/media?parent=4957"}],"wp:term":[{"taxonomy":"category","embeddable":true,"href":"https:\/\/www.r2cpress.com.br\/v1\/wp-json\/wp\/v2\/categories?post=4957"},{"taxonomy":"post_tag","embeddable":true,"href":"https:\/\/www.r2cpress.com.br\/v1\/wp-json\/wp\/v2\/tags?post=4957"}],"curies":[{"name":"wp","href":"https:\/\/api.w.org\/{rel}","templated":true}]}}