{"id":49640,"date":"2012-09-11T22:11:54","date_gmt":"2012-09-12T01:11:54","guid":{"rendered":"http:\/\/www.r2cpress.com.br\/v1\/?p=49640"},"modified":"2012-09-11T22:11:54","modified_gmt":"2012-09-12T01:11:54","slug":"diocese-de-ilheus-conscientizacao-politica","status":"publish","type":"post","link":"https:\/\/www.r2cpress.com.br\/v1\/2012\/09\/11\/diocese-de-ilheus-conscientizacao-politica\/","title":{"rendered":"DIOCESE DE ILH\u00c9US &#8211; CONSCIENTIZA\u00c7\u00c3O POL\u00cdTICA."},"content":{"rendered":"<p><strong>AS ELEI\u00c7\u00d5ES MUNICIPAIS <\/strong>&#8211; Cidadania \u00e9 a express\u00e3o nobre da pessoa que est\u00e1 consciente de seus direitos e deveres e n\u00e3o os despreza ou descuida. Viver implica em alimentar-se, vestir-se; tomar \u00e1gua pot\u00e1vel; locomover-se de \u00f4nibus, carro ou moto em asfalto ou estrada de terra; estudar em escolas p\u00fablicas ou privadas; utilizar o hospital ou posto de sa\u00fade, etc. Quanto custa o arroz, o feij\u00e3o, o cal\u00e7ado, a passagem para o transporte? Voc\u00ea sabia que tudo isso depende da Pol\u00edtica? O seu voto pode mudar a realidade do munic\u00edpio onde mora, se ele n\u00e3o for vendido ou mal empregado. N\u00e3o fuja \u00e0 responsabilidade de ser cidad\u00e3o(\u00e3). Ajude seu munic\u00edpio a ser melhor para todas as pessoas. Vote consciente.<\/p>\n<p><strong>POL\u00cdTICA E COMUNIDADE<\/strong> &#8211; Pol\u00edtica partid\u00e1ria e comunidade s\u00e3o duas coisas diferentes. Os crist\u00e3os podem e devem organizar-se em torno de um determinado candidato s\u00e9rio, de um partido s\u00e9rio porque s\u00e3o cidad\u00e3os. A comunidade tem o dever de respeitar e acolher cada um de seus membros mesmo que pensem diferente em assunto de pol\u00edtica. Como cidad\u00e3os que somos temos o direito de possuir nosso candidato e temos o dever de respeitar a opini\u00e3o de quem pensa diferente de n\u00f3s. N\u00e3o podemos nos deixar conduzir por um &#8220;cabo eleitoral&#8221;. O voto \u00e9 secreto e ningu\u00e9m precisa saber em quem eu vou votar. \u00c9 muito triste quando a comunidade se divide por n\u00e3o respeitar a opini\u00e3o pol\u00edtica dos seus membros.<\/p>\n<p>O cidad\u00e3o respeita e quer ser respeitado<\/p>\n<p><strong>PREFEITO<\/strong> &#8211; O prefeito exerce as fun\u00e7\u00f5es de chefe do Poder Executivo Municipal.<\/p>\n<p><strong><em>Cabe ao prefeito: <\/em><\/strong><\/p>\n<p><!--more--><\/p>\n<p>1-administrar, planejar o munic\u00edpio e cumprir as leis<\/p>\n<p>2-nomear e exonerar os secret\u00e1rios municipais. Devem ser pessoas competentes na sua respectiva \u00e1rea.<\/p>\n<p>3-sancionar leis e expedir documentos e portarias e organizar a administra\u00e7\u00e3o do Munic\u00edpio<\/p>\n<p>4-prestar contas de sua administra\u00e7\u00e3o \u00e0 C\u00e2mara de Vereadores, ao Tribunal de Contas do Estado e aos mun\u00edcipes.<\/p>\n<p>O prefeito que respeita o povo numa administra\u00e7\u00e3o participativa vai \u00e0s comunidades, aos bairros, aos movimentos sociais, consultando e ouvindo a popula\u00e7\u00e3o, conhecendo suas necessidades. O bom prefeito \u00e9 servidor do povo e n\u00e3o dono do poder.<\/p>\n<p><strong>VEREADORES<\/strong> &#8211; Vereador \u00e9 aquele que cuida do bem estar do munic\u00edpio.<\/p>\n<p><strong><em>Cabe ao vereador: <\/em><\/strong><\/p>\n<p>1-representar o povo na C\u00e2mara Municipal<\/p>\n<p>2-fazer as leis que interessam \u00e0 comunidade e acompanhar sua execu\u00e7\u00e3o<\/p>\n<p>3-fiscalizar os atos do prefeito e as contas do munic\u00edpio<\/p>\n<p>4-denunciaras desmandos, atos de corrup\u00e7\u00e3o, empreguismo<\/p>\n<p>5-acompanhar a aplica\u00e7\u00e3o do dinheiro p\u00fablico.<\/p>\n<p>Os vereadores devem corresponder \u00e0 confian\u00e7a dos eleitores e participar da vida e das necessidades da popula\u00e7\u00e3o.<\/p>\n<p><strong>POL\u00cdTICA E POLITICAGEM <\/strong>&#8211; Pol\u00edtica \u00e9 o jeito de organizar a sociedade buscando o bem comum. Pol\u00edtica \u00e9 todo o trabalho que a gente faz em favor da sociedade. Politicagem \u00e9 a pol\u00edtica dos exploradores do povo, dos que trabalham contra o povo e a servi\u00e7o dos interesses de uma minoria. Politicagem \u00e9 mentir e enganar o povo na \u00e9poca das elei\u00e7\u00f5es. \u00c9 oferecer vantagem em troca de favores. Voto n\u00e3o \u00e9 mercadoria que se compra e que se vende.<\/p>\n<p>Enquanto a Pol\u00edtica \u00e9 coisa boa e necess\u00e1ria para a vida das comunidades, politicagem \u00e9 uma ofensa \u00e0 dignidade do povo.<\/p>\n<p><strong>PARTIDO E CANDIDATO<\/strong> &#8211; Partido pol\u00edtico \u00e9 uma organiza\u00e7\u00e3o de uma parte da sociedade que possui um programa de governo e propostas concretas para a comunidade. Quando as propostas do partido apenas olham pelos interesses de seus membros e n\u00e3o os do povo, chamamos de corrup\u00e7\u00e3o na pol\u00edtica. Quando algum vereador aprova a presta\u00e7\u00e3o de contas da prefeitura a troco de cargos ou dinheiro, mesmo sabendo que est\u00e3o erradas, isto \u00e9 corrup\u00e7\u00e3o na pol\u00edtica. Existem pol\u00edticos profissionais que s\u00f3 visam seu interesse pessoal, sua promo\u00e7\u00e3o. Estes n\u00e3o tem nada a ver com o povo. Num partido s\u00e9rio, \u00e9 seu programa que d\u00e1 ao eleitor condi\u00e7\u00f5es de cobrar do candidato eleito o cumprimento das promessas feitas durante a campanha. Candidato s\u00e9rio n\u00e3o se filia em partido desonesto. Candidato desonesto n\u00e3o \u00e9 aceito em partido s\u00e9rio.<\/p>\n<p><strong>VOTO CONSCIENTE <\/strong>&#8211; O voto \u00e9 a forma que temos de eleger algu\u00e9m para ocupar uma determinada fun\u00e7\u00e3o no munic\u00edpio. \u00c9 atrav\u00e9s do voto consciente que o cidad\u00e3o participa da vida pol\u00edtica de seu munic\u00edpio escolhendo com liberdade, sem nenhuma coa\u00e7\u00e3o, o prefeito e os vereadores que v\u00e3o governar o munic\u00edpio por 4 anos. Da\u00ed a import\u00e2ncia de conhecer o candidato em que voc\u00ea vai votar e o partido a que pertence. Voto \u00e9 uma grande arma e n\u00e3o podemos abrir m\u00e3o dele. N\u00e3o se anula o voto e n\u00e3o se vota em branco.<\/p>\n<p><strong>CONCLUS\u00c3O<\/strong> &#8211; <strong><em>A Diocese de Ilh\u00e9us deseja que neste ano tenhamos elei\u00e7\u00f5es decentes em nossos munic\u00edpios. <\/em><\/strong><\/p>\n<p>1-que o eleitor vote consciente e com esp\u00edrito cidad\u00e3o;<\/p>\n<p>2-que o candidato saiba respeitar o eleitor n\u00e3o fazendo do palanque lugar de agredir pessoas e suas fam\u00edlias;<\/p>\n<p>3-que o eleitor seja respeitado em sua escolha pol\u00edtica e saiba respeitar a opini\u00e3o dos outros;<\/p>\n<p>4-que o eleitor escolha o prefeito e o vereador n\u00e3o por interesses pr\u00f3prios, mas por amor a seu munic\u00edpio; que as elei\u00e7\u00f5es sejam a festa da cidadania e da democracia!<\/p>\n<p><strong>Obs: Este folheto tem como base o material produzido pela Diocese da Barra.<\/strong><\/p>\n","protected":false},"excerpt":{"rendered":"<p>AS ELEI\u00c7\u00d5ES MUNICIPAIS &#8211; Cidadania \u00e9 a express\u00e3o nobre da pessoa que est\u00e1 consciente de seus direitos e deveres e n\u00e3o os despreza ou descuida. Viver implica em alimentar-se, vestir-se; tomar \u00e1gua pot\u00e1vel; locomover-se de \u00f4nibus, carro ou moto em asfalto ou estrada de terra; estudar em escolas p\u00fablicas ou privadas; utilizar o hospital ou [&hellip;]<\/p>\n","protected":false},"author":2,"featured_media":0,"comment_status":"open","ping_status":"open","sticky":false,"template":"","format":"standard","meta":{"_links_to":"","_links_to_target":""},"categories":[17],"tags":[],"_links":{"self":[{"href":"https:\/\/www.r2cpress.com.br\/v1\/wp-json\/wp\/v2\/posts\/49640"}],"collection":[{"href":"https:\/\/www.r2cpress.com.br\/v1\/wp-json\/wp\/v2\/posts"}],"about":[{"href":"https:\/\/www.r2cpress.com.br\/v1\/wp-json\/wp\/v2\/types\/post"}],"author":[{"embeddable":true,"href":"https:\/\/www.r2cpress.com.br\/v1\/wp-json\/wp\/v2\/users\/2"}],"replies":[{"embeddable":true,"href":"https:\/\/www.r2cpress.com.br\/v1\/wp-json\/wp\/v2\/comments?post=49640"}],"version-history":[{"count":3,"href":"https:\/\/www.r2cpress.com.br\/v1\/wp-json\/wp\/v2\/posts\/49640\/revisions"}],"predecessor-version":[{"id":49643,"href":"https:\/\/www.r2cpress.com.br\/v1\/wp-json\/wp\/v2\/posts\/49640\/revisions\/49643"}],"wp:attachment":[{"href":"https:\/\/www.r2cpress.com.br\/v1\/wp-json\/wp\/v2\/media?parent=49640"}],"wp:term":[{"taxonomy":"category","embeddable":true,"href":"https:\/\/www.r2cpress.com.br\/v1\/wp-json\/wp\/v2\/categories?post=49640"},{"taxonomy":"post_tag","embeddable":true,"href":"https:\/\/www.r2cpress.com.br\/v1\/wp-json\/wp\/v2\/tags?post=49640"}],"curies":[{"name":"wp","href":"https:\/\/api.w.org\/{rel}","templated":true}]}}