{"id":49665,"date":"2012-09-11T22:30:26","date_gmt":"2012-09-12T01:30:26","guid":{"rendered":"http:\/\/www.r2cpress.com.br\/v1\/?p=49665"},"modified":"2012-09-11T22:30:26","modified_gmt":"2012-09-12T01:30:26","slug":"associacao-de-moradores-do-bairro-hernani-sa","status":"publish","type":"post","link":"https:\/\/www.r2cpress.com.br\/v1\/2012\/09\/11\/associacao-de-moradores-do-bairro-hernani-sa\/","title":{"rendered":"ASSOCIA\u00c7\u00c3O DE MORADORES DO BAIRRO HERNANI S\u00c1"},"content":{"rendered":"<div>\n<p align=\"center\"><span style=\"color: #ff0000;\"><strong>PARTICIPE DA 2\u00aa CORRIDA R\u00daSTICA DA PRIMAVERA DO BAIRRO HERNANI LOPES DE S\u00c1<\/strong><\/span><\/p>\n<p align=\"center\"><strong>\u00a0AMBHLS \u2013 ILH\u00c9US \u2013 23\/SET\/2012<\/strong><\/p>\n<p><strong>\u00a0 Realiza\u00e7\u00e3o: ASSOCIA\u00c7\u00c3O DE MORADORES DO BAIRRO HERNANI S\u00c1<\/strong><\/p>\n<p><strong>\u00a0Local Inscri\u00e7\u00e3o:\u00a0 SEDE DA ASSOCIA\u00c7\u00c3O (TEL<\/strong>: <strong>8104-2592\/8868-7753\/8828-9756)<\/strong><\/p>\n<p><strong>\u00a0Per\u00edodo de Inscri\u00e7\u00e3o: <\/strong><strong>20AGO2012 a 19SET2012<\/strong><\/p>\n<p><strong>\u00a0Hor\u00e1rio da Largada: <\/strong><strong>09h00min <\/strong><\/p>\n<p><strong>\u00a0Percurso:\u00a0\u00a0\u00a0\u00a0\u00a0\u00a0\u00a0\u00a0\u00a0\u00a0\u00a0 \u00a0\u00a0\u00a0\u00a0\u00a0\u00a0\u00a0\u00a0<\/strong><strong>Eixo Principal<\/strong><strong><\/strong><\/p>\n<p><strong>\u00a0Extens\u00e3o:\u00a0\u00a0\u00a0\u00a0\u00a0\u00a0\u00a0\u00a0\u00a0\u00a0\u00a0\u00a0\u00a0\u00a0\u00a0\u00a0\u00a0\u00a0 <\/strong><strong>4.800 m<\/strong><strong><\/strong><\/p>\n<\/div>\n","protected":false},"excerpt":{"rendered":"<p>PARTICIPE DA 2\u00aa CORRIDA R\u00daSTICA DA PRIMAVERA DO BAIRRO HERNANI LOPES DE S\u00c1 \u00a0AMBHLS \u2013 ILH\u00c9US \u2013 23\/SET\/2012 \u00a0 Realiza\u00e7\u00e3o: ASSOCIA\u00c7\u00c3O DE MORADORES DO BAIRRO HERNANI S\u00c1 \u00a0Local Inscri\u00e7\u00e3o:\u00a0 SEDE DA ASSOCIA\u00c7\u00c3O (TEL: 8104-2592\/8868-7753\/8828-9756) \u00a0Per\u00edodo de Inscri\u00e7\u00e3o: 20AGO2012 a 19SET2012 \u00a0Hor\u00e1rio da Largada: 09h00min \u00a0Percurso:\u00a0\u00a0\u00a0\u00a0\u00a0\u00a0\u00a0\u00a0\u00a0\u00a0\u00a0 \u00a0\u00a0\u00a0\u00a0\u00a0\u00a0\u00a0\u00a0Eixo Principal \u00a0Extens\u00e3o:\u00a0\u00a0\u00a0\u00a0\u00a0\u00a0\u00a0\u00a0\u00a0\u00a0\u00a0\u00a0\u00a0\u00a0\u00a0\u00a0\u00a0\u00a0 4.800 m<\/p>\n","protected":false},"author":2,"featured_media":0,"comment_status":"open","ping_status":"open","sticky":false,"template":"","format":"standard","meta":{"_links_to":"","_links_to_target":""},"categories":[11],"tags":[],"_links":{"self":[{"href":"https:\/\/www.r2cpress.com.br\/v1\/wp-json\/wp\/v2\/posts\/49665"}],"collection":[{"href":"https:\/\/www.r2cpress.com.br\/v1\/wp-json\/wp\/v2\/posts"}],"about":[{"href":"https:\/\/www.r2cpress.com.br\/v1\/wp-json\/wp\/v2\/types\/post"}],"author":[{"embeddable":true,"href":"https:\/\/www.r2cpress.com.br\/v1\/wp-json\/wp\/v2\/users\/2"}],"replies":[{"embeddable":true,"href":"https:\/\/www.r2cpress.com.br\/v1\/wp-json\/wp\/v2\/comments?post=49665"}],"version-history":[{"count":2,"href":"https:\/\/www.r2cpress.com.br\/v1\/wp-json\/wp\/v2\/posts\/49665\/revisions"}],"predecessor-version":[{"id":49667,"href":"https:\/\/www.r2cpress.com.br\/v1\/wp-json\/wp\/v2\/posts\/49665\/revisions\/49667"}],"wp:attachment":[{"href":"https:\/\/www.r2cpress.com.br\/v1\/wp-json\/wp\/v2\/media?parent=49665"}],"wp:term":[{"taxonomy":"category","embeddable":true,"href":"https:\/\/www.r2cpress.com.br\/v1\/wp-json\/wp\/v2\/categories?post=49665"},{"taxonomy":"post_tag","embeddable":true,"href":"https:\/\/www.r2cpress.com.br\/v1\/wp-json\/wp\/v2\/tags?post=49665"}],"curies":[{"name":"wp","href":"https:\/\/api.w.org\/{rel}","templated":true}]}}