{"id":49673,"date":"2012-09-11T22:54:36","date_gmt":"2012-09-12T01:54:36","guid":{"rendered":"http:\/\/www.r2cpress.com.br\/v1\/?p=49673"},"modified":"2012-09-11T22:54:36","modified_gmt":"2012-09-12T01:54:36","slug":"boletim-eletronico-da-agencia-camara-de-noticias-48","status":"publish","type":"post","link":"https:\/\/www.r2cpress.com.br\/v1\/2012\/09\/11\/boletim-eletronico-da-agencia-camara-de-noticias-48\/","title":{"rendered":"Boletim Eletr\u00f4nico da Ag\u00eancia C\u00e2mara de Not\u00edcias"},"content":{"rendered":"<table width=\"700\" border=\"0\" cellspacing=\"0\" cellpadding=\"0\" align=\"center\">\n<tbody>\n<tr>\n<td colspan=\"2\">\n<h2>Manchetes do dia<\/h2>\n<\/td>\n<\/tr>\n<tr>\n<td colspan=\"2\">\n<ul>\n<li><a title=\"\" href=\"http:\/\/www2.camara.gov.br\/agencia\/noticias\/MEIO-AMBIENTE\/425895-MAIA-DEFENDE-VOTACAO-DE-TEXTO-DA-MP-DO-CODIGO-FLORESTAL-JA-APROVADO-EM-COMISSAO.html\" target=\"_blank\">Maia defende vota\u00e7\u00e3o de texto da MP do C\u00f3digo Florestal j\u00e1 aprovado em comiss\u00e3o<\/a><\/li>\n<li><a title=\"\" href=\"http:\/\/www2.camara.gov.br\/agencia\/noticias\/CONSUMIDOR\/425892-ESPECIALISTAS-DEFENDEM-LEI-FEDERAL-PARA-CONTROLAR-A-PUBLICIDADE-INFANTIL.html\" target=\"_blank\">Especialistas defendem lei federal para controlar a publicidade infantil<\/a><\/li>\n<li><a title=\"\" href=\"http:\/\/www2.camara.gov.br\/agencia\/noticias\/CONSUMIDOR\/425901-MARCO-MAIA-AFIRMA-QUE-REDUCAO-DE-TARIFA-DE-ENERGIA-FAVORECE-COMPETITIVIDADE.html\" target=\"_blank\">Marco Maia afirma que redu\u00e7\u00e3o de tarifa de energia favorece competitividade<\/a><\/li>\n<li><a title=\"\" href=\"http:\/\/www2.camara.gov.br\/agencia\/noticias\/CONSUMIDOR\/425913-SEGURIDADE-APROVA-REGULAMENTACAO-DE-CEASAS-E-CRIACAO-DE-NOVOS-ENTREPOSTOS.html\" target=\"_blank\">Seguridade aprova regulamenta\u00e7\u00e3o de Ceasas e cria\u00e7\u00e3o de novos entrepostos<\/a><\/li>\n<li><a title=\"\" href=\"http:\/\/www2.camara.gov.br\/agencia\/noticias\/ECONOMIA\/425900-PROJETO-MUDA-REGRAS-DA-POUPANCA-PARA-PROTEGER-PEQUENOS-E-MEDIOS-INVESTIDORES.html\" target=\"_blank\">Projeto muda regras da poupan\u00e7a para proteger pequenos e m\u00e9dios investidores<\/a><\/li>\n<\/ul>\n<\/td>\n<\/tr>\n<tr>\n<td colspan=\"2\"><\/td>\n<\/tr>\n<tr>\n<td colspan=\"2\">\n<table width=\"100%\" border=\"0\" cellspacing=\"0\" cellpadding=\"0\">\n<tbody>\n<tr>\n<td>\n<table width=\"100%\" border=\"0\" cellspacing=\"0\" cellpadding=\"0\">\n<tbody>\n<tr>\n<td rowspan=\"2\" valign=\"top\" width=\"70%\">\n<table width=\"100%\" border=\"0\" cellspacing=\"0\" cellpadding=\"0\">\n<tbody>\n<tr bgcolor=\"#FFFFFF\">\n<td>\n<h2>ADMINISTRA\u00c7\u00c3O P\u00daBLICA<\/h2>\n<\/td>\n<\/tr>\n<tr>\n<td>\n<ul>\n<li><a title=\"\" href=\"http:\/\/www2.camara.gov.br\/agencia\/noticias\/TRABALHO-E-PREVIDENCIA\/425882-PROPOSTA-AMPLIA-NUMERO-DE-INTEGRANTES-DO-CONSELHO-DE-ODONTOLOGIA.html\" target=\"_blank\">Proposta amplia n\u00famero de integrantes do Conselho de Odontologia<\/a><\/li>\n<li><a title=\"\" href=\"http:\/\/www2.camara.gov.br\/agencia\/noticias\/SEGURANCA\/425886-PROJETO-REDEFINE-DOLO-E-CULPA-E-AUMENTA-PENAS-DOS-CRIMES-CULPOSOS.html\" target=\"_blank\">Projeto redefine dolo e culpa e aumenta penas dos crimes culposos<\/a><\/li>\n<li><a title=\"\" href=\"http:\/\/www2.camara.gov.br\/agencia\/noticias\/TRANSPORTE-E-TRANSITO\/425891-PROPOSTA-CRIA-REGRAS-PARA-DIFICULTAR-CONCESSAO-DE-PEDAGIOS-EM-RODOVIAS.html\" target=\"_blank\">Proposta cria regras para dificultar concess\u00e3o de ped\u00e1gios em rodovias<\/a><\/li>\n<li><a title=\"\" href=\"http:\/\/www2.camara.gov.br\/agencia\/noticias\/INDUSTRIA-E-COMERCIO\/425898-COMISSAO-QUE-ANALISA-O-NOVO-CODIGO-COMERCIAL-FARA-PALESTRA-EM-CAMPO-GRANDE.html\" target=\"_blank\">Comiss\u00e3o que analisa o novo C\u00f3digo Comercial far\u00e1 palestra em Campo Grande<\/a><\/li>\n<li><a title=\"\" href=\"http:\/\/www2.camara.gov.br\/agencia\/noticias\/POLITICA\/425942-MARCO-MAIA-ELOGIA-INDICACAO-DE-MARTA-SUPLICY-E-GESTAO-DE-ANA-DE-HOLLANDA.html\" target=\"_blank\">Marco Maia elogia indica\u00e7\u00e3o de Marta Suplicy e gest\u00e3o de Ana de Hollanda<\/a><\/li>\n<li><a title=\"\" href=\"http:\/\/www2.camara.gov.br\/agencia\/noticias\/POLITICA\/425945-PEC-REGULAMENTA-VERBA-INDENIZATORIA-DOS-DEPUTADOS-ESTADUAIS.html\" target=\"_blank\">PEC regulamenta verba indenizat\u00f3ria dos deputados estaduais<\/a><\/li>\n<\/ul>\n<\/td>\n<\/tr>\n<tr bgcolor=\"#FFFFFF\">\n<td>\n<h2>CI\u00caNCIA E TECNOLOGIA<\/h2>\n<\/td>\n<\/tr>\n<tr>\n<td>\n<ul>\n<li><a title=\"\" href=\"http:\/\/www2.camara.gov.br\/agencia\/noticias\/CIENCIA-E-TECNOLOGIA\/425916-PROJETO-CRIA-REGRA-PARA-COMPRA-PUBLICA-DE-PRODUTO-INOVADOR.html\" target=\"_blank\">Projeto cria regra para compra p\u00fablica de produto inovador<\/a><\/li>\n<\/ul>\n<\/td>\n<\/tr>\n<tr bgcolor=\"#FFFFFF\">\n<td>\n<h2>CONSUMIDOR<\/h2>\n<\/td>\n<\/tr>\n<tr>\n<td>\n<ul>\n<li><a title=\"\" href=\"http:\/\/www2.camara.gov.br\/agencia\/noticias\/CONSUMIDOR\/425876-PROJETO-PROIBE-ALTERACAO-EM-MODELO-DE-CARRO-EM-PERIODO-INFERIOR-A-UM-ANO.html\" target=\"_blank\">Projeto pro\u00edbe altera\u00e7\u00e3o em modelo de carro em per\u00edodo inferior a um ano<\/a><\/li>\n<\/ul>\n<\/td>\n<\/tr>\n<tr bgcolor=\"#FFFFFF\">\n<td>\n<h2>DIREITO E JUSTI\u00c7A<\/h2>\n<\/td>\n<\/tr>\n<tr>\n<td>\n<ul>\n<li><a title=\"\" href=\"http:\/\/www2.camara.gov.br\/agencia\/noticias\/INDUSTRIA-E-COMERCIO\/425884-PROJETO-REDUZ-PRAZO-PARA-INQUILINO-DE-IMOVEL-COMERCIAL-PROPOR-RENOVACAO-DE-CONTRATO.html\" target=\"_blank\">Projeto reduz prazo para inquilino de im\u00f3vel comercial propor renova\u00e7\u00e3o de contrato<\/a><\/li>\n<li><a title=\"\" href=\"http:\/\/www2.camara.gov.br\/agencia\/noticias\/DIREITO-E-JUSTICA\/425889-PROJETO-TORNA-OBRIGATORIO-TESTAMENTO-PARA-QUEM-SE-CASAR-NOVAMENTE.html\" target=\"_blank\">Projeto torna obrigat\u00f3rio testamento para quem se casar novamente<\/a><\/li>\n<\/ul>\n<\/td>\n<\/tr>\n<tr bgcolor=\"#FFFFFF\">\n<td>\n<h2>DIREITOS HUMANOS<\/h2>\n<\/td>\n<\/tr>\n<tr>\n<td>\n<ul>\n<li><a title=\"\" href=\"http:\/\/www2.camara.gov.br\/agencia\/noticias\/DIREITOS-HUMANOS\/425915-EMPREGAR-DEFICIENTE-PODERA-SER-REQUISITO-PARA-OBTER-INCENTIVOS-DA-COPA.html\" target=\"_blank\">Empregar deficiente poder\u00e1 ser requisito para obter incentivos da Copa<\/a><\/li>\n<\/ul>\n<\/td>\n<\/tr>\n<tr bgcolor=\"#FFFFFF\">\n<td>\n<h2>EDUCA\u00c7\u00c3O E CULTURA<\/h2>\n<\/td>\n<\/tr>\n<tr>\n<td>\n<ul>\n<li><a title=\"\" href=\"http:\/\/www2.camara.gov.br\/agencia\/noticias\/EDUCACAO-E-CULTURA\/425881-INSTITUICOES-PODEM-TER-DE-EMITIR-DECLARACAO-PROVISORIA-GRATUITA-DE-CONCLUSAO-DE-CURSO.html\" target=\"_blank\">Institui\u00e7\u00f5es podem ter de emitir declara\u00e7\u00e3o provis\u00f3ria gratuita de conclus\u00e3o de curso<\/a><\/li>\n<\/ul>\n<\/td>\n<\/tr>\n<tr bgcolor=\"#FFFFFF\">\n<td>\n<h2>IND\u00daSTRIA E COM\u00c9RCIO<\/h2>\n<\/td>\n<\/tr>\n<tr>\n<td>\n<ul>\n<li><a title=\"\" href=\"http:\/\/www2.camara.gov.br\/agencia\/noticias\/TRANSPORTE-E-TRANSITO\/425903-PROJETO-REGULAMENTA-A-PROFISSAO-DE-TECNICO-DE-SEGURANCA-DE-TRANSITO.html\" target=\"_blank\">Projeto regulamenta a profiss\u00e3o de t\u00e9cnico de seguran\u00e7a de tr\u00e2nsito<\/a><\/li>\n<\/ul>\n<\/td>\n<\/tr>\n<tr bgcolor=\"#FFFFFF\">\n<td>\n<h2>POL\u00cdTICA<\/h2>\n<\/td>\n<\/tr>\n<tr>\n<td>\n<ul>\n<li><a title=\"\" href=\"http:\/\/www2.camara.gov.br\/agencia\/noticias\/POLITICA\/425953-PROJETO-ANULA-RESOLUCAO-QUE-EXTINGUIU-MANDATOS-DE-DEPUTADOS-DO-PARTIDO-COMUNISTA.html\" target=\"_blank\">Projeto anula resolu\u00e7\u00e3o que extinguiu mandatos de deputados do Partido Comunista<\/a><\/li>\n<\/ul>\n<\/td>\n<\/tr>\n<\/tbody>\n<\/table>\n<\/td>\n<\/tr>\n<\/tbody>\n<\/table>\n<\/td>\n<\/tr>\n<\/tbody>\n<\/table>\n<\/td>\n<\/tr>\n<\/tbody>\n<\/table>\n","protected":false},"excerpt":{"rendered":"<p>Manchetes do dia Maia defende vota\u00e7\u00e3o de texto da MP do C\u00f3digo Florestal j\u00e1 aprovado em comiss\u00e3o Especialistas defendem lei federal para controlar a publicidade infantil Marco Maia afirma que redu\u00e7\u00e3o de tarifa de energia favorece competitividade Seguridade aprova regulamenta\u00e7\u00e3o de Ceasas e cria\u00e7\u00e3o de novos entrepostos Projeto muda regras da poupan\u00e7a para proteger pequenos [&hellip;]<\/p>\n","protected":false},"author":2,"featured_media":0,"comment_status":"open","ping_status":"open","sticky":false,"template":"","format":"standard","meta":{"_links_to":"","_links_to_target":""},"categories":[18],"tags":[],"_links":{"self":[{"href":"https:\/\/www.r2cpress.com.br\/v1\/wp-json\/wp\/v2\/posts\/49673"}],"collection":[{"href":"https:\/\/www.r2cpress.com.br\/v1\/wp-json\/wp\/v2\/posts"}],"about":[{"href":"https:\/\/www.r2cpress.com.br\/v1\/wp-json\/wp\/v2\/types\/post"}],"author":[{"embeddable":true,"href":"https:\/\/www.r2cpress.com.br\/v1\/wp-json\/wp\/v2\/users\/2"}],"replies":[{"embeddable":true,"href":"https:\/\/www.r2cpress.com.br\/v1\/wp-json\/wp\/v2\/comments?post=49673"}],"version-history":[{"count":3,"href":"https:\/\/www.r2cpress.com.br\/v1\/wp-json\/wp\/v2\/posts\/49673\/revisions"}],"predecessor-version":[{"id":49676,"href":"https:\/\/www.r2cpress.com.br\/v1\/wp-json\/wp\/v2\/posts\/49673\/revisions\/49676"}],"wp:attachment":[{"href":"https:\/\/www.r2cpress.com.br\/v1\/wp-json\/wp\/v2\/media?parent=49673"}],"wp:term":[{"taxonomy":"category","embeddable":true,"href":"https:\/\/www.r2cpress.com.br\/v1\/wp-json\/wp\/v2\/categories?post=49673"},{"taxonomy":"post_tag","embeddable":true,"href":"https:\/\/www.r2cpress.com.br\/v1\/wp-json\/wp\/v2\/tags?post=49673"}],"curies":[{"name":"wp","href":"https:\/\/api.w.org\/{rel}","templated":true}]}}