{"id":49686,"date":"2012-09-12T14:16:28","date_gmt":"2012-09-12T17:16:28","guid":{"rendered":"http:\/\/www.r2cpress.com.br\/v1\/?p=49686"},"modified":"2012-09-12T14:16:28","modified_gmt":"2012-09-12T17:16:28","slug":"prefeitura-municipal-de-ilheus-332","status":"publish","type":"post","link":"https:\/\/www.r2cpress.com.br\/v1\/2012\/09\/12\/prefeitura-municipal-de-ilheus-332\/","title":{"rendered":"Prefeitura Municipal de Ilh\u00e9us"},"content":{"rendered":"<p><center><a href=\"http:\/\/www.r2cpress.com.br\/v1\/wp-content\/uploads\/MONT-CAPA-SITE-08-F_.jpg\"><img loading=\"lazy\" src=\"http:\/\/www.r2cpress.com.br\/v1\/wp-content\/uploads\/MONT-CAPA-SITE-08-F_.jpg\" alt=\"\" title=\"MONT CAPA SITE 08 F_\" width=\"500\" height=\"500\" class=\"aligncenter size-full wp-image-49687\" srcset=\"https:\/\/www.r2cpress.com.br\/v1\/wp-content\/uploads\/MONT-CAPA-SITE-08-F_.jpg 500w, https:\/\/www.r2cpress.com.br\/v1\/wp-content\/uploads\/MONT-CAPA-SITE-08-F_-150x150.jpg 150w, https:\/\/www.r2cpress.com.br\/v1\/wp-content\/uploads\/MONT-CAPA-SITE-08-F_-300x300.jpg 300w\" sizes=\"(max-width: 500px) 100vw, 500px\" \/><\/a><br \/>\nSuperintend\u00eancia vai cadastrar ligas e associa\u00e7\u00f5es esportivas de Ilh\u00e9us<br \/>\nSa\u00fade entrega mais de 200 kits de balan\u00e7a para agentes comunit\u00e1rios<br \/>\nFeira da preven\u00e7\u00e3o ser\u00e1  realizada no pr\u00f3ximo dia 19<br \/>\nComunidade realizar\u00e1 o 1\u00ba Festival do Acaraj\u00e9 de Lagoa Encantada<br \/>\nSecret\u00e1rias do Lar e profissionais de  destaque foram homenageados no TMI <\/center><\/p>\n<p><!--more--><\/p>\n<p>***<\/p>\n<p><strong>Superintend\u00eancia vai cadastrar ligas e associa\u00e7\u00f5es esportivas de Ilh\u00e9us<\/strong><\/p>\n<p>Cadastrar todas as ligas e associa\u00e7\u00f5es esportivas da cidade \u00e9 a principal proposta do evento que a Superintend\u00eancia Municipal de Esporte promover\u00e1 no pr\u00f3ximo dia 20 de setembro, das 14 \u00e0s 18 horas, no Teatro Municipal de Ilh\u00e9us (TMI). Denominada \u201cAbrindo as portas para o esporte\u201d, a iniciativa tamb\u00e9m visa \u00e0 troca de experi\u00eancias e a apresenta\u00e7\u00e3o dos diversos projetos que v\u00eam sendo desenvolvidos no munic\u00edpio.<br \/>\nDe acordo com o superintendente municipal de Esportes, Carlos Augusto, o evento contar\u00e1 com a participa\u00e7\u00e3o de v\u00e1rios palestrantes. Entre eles, o analista t\u00e9cnico da Sudesb, Nei Santos, que vai abordar o tem \u201cEstrutura do Desporto, do Paradesporto e do Lazer\u201d, \u201cSistema Nacional de Esporte e Lazer\u201d, \u201cSistema Estadual de Esporte             e Lazer\u201d, \u201cEstrutura e A\u00e7\u00f5es da Sudesb\u201d e \u201cProjetos e Conv\u00eanios com a Sudesb\u201d.<br \/>\nO encontro, que dever\u00e1 atrair dezenas de esportistas e desportistas, contar\u00e1 ainda com a participa\u00e7\u00e3o do economista Gilvan Tavares, que abordar\u00e1 o tema \u201cPlanejamento no Esporte\u201d, do engenheiro civil Hermano Fahning, que falar\u00e1 sobre \u201cMarketing Esportivo\u201d, e do professor Dorival de Freitas, que far\u00e1 palestra sobre \u201cDisciplina no Esporte\u201d.<br \/>\n\u201cAtualmente, temos aqui uma infinidade de entidades que desenvolvem trabalhos muito interessantes. Nosso objetivo \u00e9 conhecer esses projetos de perto para, a partir da\u00ed, se necess\u00e1rio, buscarmos parcerias para fortalec\u00ea-los ainda mais\u201d, comenta Carlos Augusto, salientando \u201ca exist\u00eancia, em Ilh\u00e9us, de ligas e projetos executados nas modalidades de remo, tiro ao alvo, jiu jitsu, taekwondo e futebol de bot\u00e3o, entre v\u00e1rios outros\u201d.<\/p>\n<p><strong>Sa\u00fade entrega mais de 200 kits de balan\u00e7a para agentes comunit\u00e1rios <\/strong><\/p>\n<p>A Secretaria da Sa\u00fade de Ilh\u00e9us entregou na manh\u00e3 desta quarta-feira (12) aos agentes comunit\u00e1rios de sa\u00fade do munic\u00edpio 225 kits de balan\u00e7a port\u00e1til, um importante instrumento de trabalho nas visitas dos agentes \u00e0s fam\u00edlias assistidas. O kit cont\u00e9m uma balan\u00e7a e duas bolsas para pesagem de rec\u00e9m-nascidos e de crian\u00e7as at\u00e9 dois anos de idade.<br \/>\nSegundo o secret\u00e1rio da sa\u00fade, Ronaldo Lavigne, essa \u00e9 uma reivindica\u00e7\u00e3o antiga dos agentes, agora atendida. \u201cH\u00e1 muitos anos que essas balan\u00e7as n\u00e3o eram compradas. Muitas quebraram ou se desgastaram pelo uso frequente e alguns agentes estavam trabalhando sem este instrumento\u201d, afirma o gestor. Todos os agentes comunit\u00e1rios do munic\u00edpio, tanto os que atuam na zona rural como na \u00e1rea urbana, ir\u00e3o receber o kit para pesagem.<br \/>\nA partir de agora, os agentes poder\u00e3o realizar um melhor acompanhamento do desenvolvimento das crian\u00e7as nas fam\u00edlias trabalhadas, identificando fatores de risco como o baixo peso e podendo encaminhar para um tratamento mais espec\u00edfico junto a unidade de sa\u00fade. O acompanhamento proporciona qualidade no atendimento aos pacientes e combate tamb\u00e9m a mortalidade infantil.<br \/>\nOs agentes comunit\u00e1rios de sa\u00fade receberam, ainda, outras melhorias nas condi\u00e7\u00f5es de trabalho. H\u00e1 duas semanas eles receberam novos uniformes, composto por uma cal\u00e7a e duas blusas. Para facilitar e otimizar o trabalho dos agentes comunit\u00e1rios que atuam na zona rural, tamb\u00e9m foram solicitadas 40 bicicletas, que j\u00e1 est\u00e3o em processo de compra. \u201cEsses agentes percorriam grandes dist\u00e2ncias entre as casas visitadas e essa medida, sem d\u00favida, ir\u00e1 melhorar as condi\u00e7\u00f5es de trabalho\u201d, concluiu Lavigne.<\/p>\n<p><strong>Feira da preven\u00e7\u00e3o ser\u00e1  realizada no pr\u00f3ximo dia 19<\/strong><\/p>\n<p>No pr\u00f3ximo dia 19 v\u00e1rias atividades especiais ser\u00e3o realizadas para celebrar o Dia Municipal de Conscientiza\u00e7\u00e3o e Combate a Aids, Lesbofobia e Homofobia de Ilh\u00e9us. Nesta data, a secretaria municipal da Sa\u00fade, por meio do N\u00facleo de Educa\u00e7\u00e3o e Promo\u00e7\u00e3o a Sa\u00fade de Ilh\u00e9us (Nepsi) e do Centro de Testagem e Amostragem\/ DST- Aids, em parceria com os grupos Eros e Saphos, montar\u00e3o um estande na pra\u00e7a J. J.  Seabra, no centro da cidade, para oferecer \u00e0 popula\u00e7\u00e3o palestras, distribui\u00e7\u00e3o de panfletos, al\u00e9m do teste r\u00e1pido para diagn\u00f3stico para HIV.<br \/>\nAs a\u00e7\u00f5es de conscientiza\u00e7\u00e3o prosseguem e chegam ao seu ponto alto no dia 30, quando acontece a 8\u00aa Parada GLBT de Ilh\u00e9us. O evento ser\u00e1 realizado partir das 13 horas na avenida Soares Lopes e, assim como nas outras edi\u00e7\u00f5es, deve reunir centenas de pessoas no palco do desfile. Neste ano s\u00e3o esperadas para a Parada Gay de Ilh\u00e9us, mais de 30 mil pessoas. Al\u00e9m de ilheenses, o evento re\u00fane turistas de diversas cidades do interior da Bahia, da capital e de outros estados, se consolidando como um importante evento para a cidade.<br \/>\nA 8\u00aa Parada Gay deste ano traz como tema \u201cSe o seu amor pode, o meu tamb\u00e9m\u201d e contar\u00e1 com dois trios, DJs, participa\u00e7\u00e3o de gogo-boys e gogo-girls, al\u00e9m de a\u00e7\u00f5es como distribui\u00e7\u00e3o de camisinhas e material informativo sobre as doen\u00e7as sexualmente transmiss\u00edveis e contra a homofobia.<br \/>\nO evento tem objetivos preventivos e educativos, e \u00e9 considerado, atualmente, um importante instrumento de promo\u00e7\u00e3o de visibilidade para a mobiliza\u00e7\u00e3o social e enfrentamento da homofobia no Brasil. Esta \u00e9 considerada uma forma de chamar a aten\u00e7\u00e3o da sociedade para a import\u00e2ncia da valoriza\u00e7\u00e3o da atrav\u00e9s dos testes de detec\u00e7\u00e3o da Aids e do uso de preservativos.<\/p>\n<p><strong>Comunidade realizar\u00e1 o 1\u00ba Festival do Acaraj\u00e9 de Lagoa Encantada<\/strong><\/p>\n<p>A comunidade de Lagoa Encantada estar\u00e1 realizando no pr\u00f3ximo dia 16 de setembro, a partir das 9 horas, o 1\u00ba Festival do Acaraj\u00e9, um evento beneficente que acontecer\u00e1 na rua principal do distrito reunindo moradores de v\u00e1rias localidades. De acordo com a comiss\u00e3o organizadora, durante todo o dia ser\u00e3o realizados eventos esportivos, gastron\u00f4micos, al\u00e9m de shows com bandas regionais e apresenta\u00e7\u00f5es de grupos de dan\u00e7a da cidade.<br \/>\nO Festival do Acaraj\u00e9 ser\u00e1 iniciado com um torneio de futebol envolvendo v\u00e1rias equipes da sede e dos distritos. A abertura oficial do torneio ser\u00e1 com uma partida de futebol feminino entre as equipes de Juerana e Ponta do Ramo. Logo depois ser\u00e3o realizadas as partidas de futebol masculino. A comiss\u00e3o organizadora do evento informa que a inscri\u00e7\u00e3o do torneio de futebol custar\u00e1 R$ 30,00, mas ser\u00e1 exclusivamente para as equipes convidadas. Os vencedores do torneio receber\u00e3o pr\u00eamios e trof\u00e9us.<br \/>\nAinda durante o evento beneficente acontecer\u00e3o apresenta\u00e7\u00f5es das bandas Sedu\u00e7\u00e3o, Banda Bitz, Calazan e Grupo Dom, al\u00e9m de v\u00e1rios artistas convidados. Tamb\u00e9m est\u00e1 prevista a apresenta\u00e7\u00e3o do grupo de dan\u00e7a Wisdence, uma das revela\u00e7\u00f5es do momento. Haver\u00e1 ainda uma promo\u00e7\u00e3o especial na \u00e1rea gastron\u00f4mica. Os organizadores informaram que por apenas R$ 2,50 os participantes poder\u00e3o levar dois acaraj\u00e9s e um copo de refrigerante. Todo o dinheiro arrecadado ser\u00e1 usado para servi\u00e7os sociais da comunidade. A comiss\u00e3o que coordena o evento tamb\u00e9m adiantou que para garantir o deslocamento dos participantes ser\u00e3o colocados \u00f4nibus especiais saindo de Juerana e de Ponta do Ramo \u00e0s 8 horas.<\/p>\n<p><strong>Secret\u00e1rias do Lar e profissionais de  destaque foram homenageados no TMI <\/strong><\/p>\n<p>O 9\u00ba anivers\u00e1rio de cria\u00e7\u00e3o do Dia Municipal da Secret\u00e1ria do Lar foi celebrado na \u00faltima ter\u00e7a-feira (11) no Teatro Municipal de Ilh\u00e9us. O evento foi promovido pela Central de Associa\u00e7\u00f5es Comunit\u00e1rias e Moradores de Ilh\u00e9us (Ceac), atrav\u00e9s das Volunt\u00e1rias Sociais da Uni\u00e3o Feminina da entidade, em parceria com a Prefeitura de Ilh\u00e9us. O evento contou com a participa\u00e7\u00e3o de representantes da classe homenageada, bem como os representantes da Associa\u00e7\u00e3o Comercial e C\u00e2mara de Dirigentes Lojistas de Ilh\u00e9us (CDL), Nilton e Cruz e Nadja Argolo, respectivamente, que foram alguns dos homenageados da noite.<br \/>\nA senhora Enedina Pereira da Silva, de 103 anos e moradora do bairro Teot\u00f4nio Vilela, tamb\u00e9m foi das homenageadas da noite. O presidente da Academia de Letras de Ilh\u00e9us, Jos\u00e9 Higino, tamb\u00e9m foi agraciado com a medalha Maria da Penha. Representando a classe m\u00e9dica, a cardiologista Lorena Nogueira de Assis subiu ao palco do TMI para receber a medalha. A classe das lavadeiras tamb\u00e9m esteve representada por dona Valdirez Teixeira, que participou como lavadeira na novela Renascer, onde cantou diversas m\u00fasicas de dom\u00ednio p\u00fablico.<br \/>\nCerca de 30 secret\u00e1rias do lar foram agraciadas com a medalha. Durante a solenidade, o presidente da Ceac, Celso da Silva, convocou os presentes, assim como os homenageados, a participar do projeto socioambiental \u201cSolidariedade e Cidadania \u2013 Uma revolu\u00e7\u00e3o de inclus\u00e3o socioambiental\u201d, realizado pela Ceac, em parceria com mais de 200 entidades sociais do munic\u00edpio. O projeto j\u00e1 realizou, entre alguma de suas a\u00e7\u00f5es, o plantio de 10 mil mudas de ess\u00eancias frut\u00edferas e amea\u00e7adas de extin\u00e7\u00e3o, em 12 assentamentos rurais do munic\u00edpio. Na zona urbana, cerca de 10 mil fam\u00edlias que integram o programa Bolsa Fam\u00edlia ser\u00e3o contempladas com novas mudas.<br \/>\nAl\u00e9m de prestar homenagens \u00e0s mulheres, principalmente secret\u00e1rias do lar e a outros profissionais de destaque, o evento tamb\u00e9m contou com programa\u00e7\u00e3o cultural que teve como principal atra\u00e7\u00e3o o conjunto \u201cMulheres em Dom\u00ednio P\u00fablico\u201d e Gil Lucas e banda. O evento contou com a presen\u00e7a de familiares dos homenageados, assim como de diversas pessoas dos segmentos profissionais de Ilh\u00e9us.<\/p>\n","protected":false},"excerpt":{"rendered":"<p>Superintend\u00eancia vai cadastrar ligas e associa\u00e7\u00f5es esportivas de Ilh\u00e9us Sa\u00fade entrega mais de 200 kits de balan\u00e7a para agentes comunit\u00e1rios Feira da preven\u00e7\u00e3o ser\u00e1 realizada no pr\u00f3ximo dia 19 Comunidade realizar\u00e1 o 1\u00ba Festival do Acaraj\u00e9 de Lagoa Encantada Secret\u00e1rias do Lar e profissionais de destaque foram homenageados no TMI<\/p>\n","protected":false},"author":2,"featured_media":0,"comment_status":"open","ping_status":"open","sticky":false,"template":"","format":"standard","meta":{"_links_to":"","_links_to_target":""},"categories":[23],"tags":[],"_links":{"self":[{"href":"https:\/\/www.r2cpress.com.br\/v1\/wp-json\/wp\/v2\/posts\/49686"}],"collection":[{"href":"https:\/\/www.r2cpress.com.br\/v1\/wp-json\/wp\/v2\/posts"}],"about":[{"href":"https:\/\/www.r2cpress.com.br\/v1\/wp-json\/wp\/v2\/types\/post"}],"author":[{"embeddable":true,"href":"https:\/\/www.r2cpress.com.br\/v1\/wp-json\/wp\/v2\/users\/2"}],"replies":[{"embeddable":true,"href":"https:\/\/www.r2cpress.com.br\/v1\/wp-json\/wp\/v2\/comments?post=49686"}],"version-history":[{"count":2,"href":"https:\/\/www.r2cpress.com.br\/v1\/wp-json\/wp\/v2\/posts\/49686\/revisions"}],"predecessor-version":[{"id":49689,"href":"https:\/\/www.r2cpress.com.br\/v1\/wp-json\/wp\/v2\/posts\/49686\/revisions\/49689"}],"wp:attachment":[{"href":"https:\/\/www.r2cpress.com.br\/v1\/wp-json\/wp\/v2\/media?parent=49686"}],"wp:term":[{"taxonomy":"category","embeddable":true,"href":"https:\/\/www.r2cpress.com.br\/v1\/wp-json\/wp\/v2\/categories?post=49686"},{"taxonomy":"post_tag","embeddable":true,"href":"https:\/\/www.r2cpress.com.br\/v1\/wp-json\/wp\/v2\/tags?post=49686"}],"curies":[{"name":"wp","href":"https:\/\/api.w.org\/{rel}","templated":true}]}}