{"id":49706,"date":"2012-09-12T15:38:56","date_gmt":"2012-09-12T18:38:56","guid":{"rendered":"http:\/\/www.r2cpress.com.br\/v1\/?p=49706"},"modified":"2012-09-12T15:38:56","modified_gmt":"2012-09-12T18:38:56","slug":"conselho-municipal-de-cultura-de-ilheus-3","status":"publish","type":"post","link":"https:\/\/www.r2cpress.com.br\/v1\/2012\/09\/12\/conselho-municipal-de-cultura-de-ilheus-3\/","title":{"rendered":"Conselho Municipal de Cultura de Ilh\u00e9us"},"content":{"rendered":"<div id=\"attachment_49707\" style=\"width: 560px\" class=\"wp-caption aligncenter\"><a href=\"http:\/\/www.r2cpress.com.br\/v1\/wp-content\/uploads\/Chamada-Banner-Roda.jpg\"><img aria-describedby=\"caption-attachment-49707\" loading=\"lazy\" class=\"size-full wp-image-49707\" title=\"Chamada Banner Roda\" src=\"http:\/\/www.r2cpress.com.br\/v1\/wp-content\/uploads\/Chamada-Banner-Roda.jpg\" alt=\"\" width=\"550\" height=\"294\" srcset=\"https:\/\/www.r2cpress.com.br\/v1\/wp-content\/uploads\/Chamada-Banner-Roda.jpg 550w, https:\/\/www.r2cpress.com.br\/v1\/wp-content\/uploads\/Chamada-Banner-Roda-300x160.jpg 300w\" sizes=\"(max-width: 550px) 100vw, 550px\" \/><\/a><p id=\"caption-attachment-49707\" class=\"wp-caption-text\">2012<\/p><\/div>\n<p style=\"text-align: center;\"><strong>PROGRAMA\u00c7\u00c3O<\/strong><\/p>\n<p style=\"text-align: center;\">\u00a019h00 &#8211; Mesa de Abertura<\/p>\n<p style=\"text-align: center;\">\u00a0\u00a0\u00a0\u00a0\u00a0\u00a0\u00a0\u00a0\u00a0\u00a0\u00a0\u00a0 Gilsonei Rodrigues &#8211; Presidente do CMC<\/p>\n<p style=\"text-align: center;\">\u00a0\u00a0\u00a0\u00a0\u00a0\u00a0\u00a0\u00a0\u00a0\u00a0\u00a0\u00a0 Maur\u00edcio Corso &#8211; Presidente da FUNDACI<\/p>\n<p style=\"text-align: center;\">\u00a0\u00a0\u00a0\u00a0\u00a0\u00a0\u00a0\u00a0\u00a0\u00a0\u00a0\u00a0 Carmelita Angela &#8211; Candidata a Prefeita PT<\/p>\n<p style=\"text-align: center;\">\u00a0\u00a0\u00a0\u00a0\u00a0\u00a0\u00a0\u00a0\u00a0\u00a0\u00a0\u00a0 Jabes Ribeiro &#8211; Candidato a Prefeito PP<\/p>\n<p style=\"text-align: center;\">\u00a0\u00a0\u00a0\u00a0\u00a0\u00a0\u00a0\u00a0\u00a0\u00a0\u00a0\u00a0 Jorge Luiz &#8211; Candidato a Prefeito PSOL<\/p>\n<p style=\"text-align: center;\">19h05 &#8211; Interven\u00e7\u00e3o Art\u00edstica I<\/p>\n<p style=\"text-align: center;\">19h10 &#8211; Sauda\u00e7\u00e3o da Mesa<\/p>\n<p style=\"text-align: center;\">19h20 &#8211; O papel do Conselho Municipal de Cultura<\/p>\n<p style=\"text-align: center;\">\u00a0\u00a0\u00a0\u00a0\u00a0\u00a0\u00a0\u00a0\u00a0\u00a0\u00a0\u00a0 Exposi\u00e7\u00e3o: Gilsonei Rodrigues &#8211; Presidente do CMC<\/p>\n<p style=\"text-align: center;\">19h35 &#8211; A Constru\u00e7\u00e3o das Pol\u00edticas P\u00fablicas de Cultura \u00e0 guisa da Primeira Carta Cultural de\u00a0 Ilh\u00e9us<\/p>\n<p style=\"text-align: center;\">\u00a0\u00a0\u00a0\u00a0\u00a0\u00a0\u00a0\u00a0\u00a0\u00a0\u00a0\u00a0 Exposi\u00e7\u00e3o: Andr\u00e9 Luiz &#8211; Presidente do Instituto Hist\u00f3rico e Geogr\u00e1fico de Ilh\u00e9us<\/p>\n<p style=\"text-align: center;\">19h55 &#8211; O Sistema Municipal de Cultura<\/p>\n<p style=\"text-align: center;\">\u00a0\u00a0\u00a0\u00a0\u00a0\u00a0\u00a0\u00a0\u00a0\u00a0\u00a0\u00a0 Exposi\u00e7\u00e3o: Pawlo Cidade &#8211; Especialista em Gest\u00e3o Cultural e Projetos pela FGV\/MinC.<\/p>\n<p style=\"text-align: center;\">20h30 &#8211; Exposi\u00e7\u00e3o dos Candidatos ( sorteio)<\/p>\n<p style=\"text-align: center;\">20h35 &#8211; Candidato I<\/p>\n<p style=\"text-align: center;\">20h40 &#8211; Candidato II<\/p>\n<p style=\"text-align: center;\">20h45 &#8211; Candidato III<\/p>\n<p style=\"text-align: center;\">20h51 &#8211; Interven\u00e7\u00e3o Art\u00edstica II<\/p>\n<p style=\"text-align: center;\">20h55 &#8211; Encerramento<\/p>\n","protected":false},"excerpt":{"rendered":"<p>PROGRAMA\u00c7\u00c3O \u00a019h00 &#8211; Mesa de Abertura \u00a0\u00a0\u00a0\u00a0\u00a0\u00a0\u00a0\u00a0\u00a0\u00a0\u00a0\u00a0 Gilsonei Rodrigues &#8211; Presidente do CMC \u00a0\u00a0\u00a0\u00a0\u00a0\u00a0\u00a0\u00a0\u00a0\u00a0\u00a0\u00a0 Maur\u00edcio Corso &#8211; Presidente da FUNDACI \u00a0\u00a0\u00a0\u00a0\u00a0\u00a0\u00a0\u00a0\u00a0\u00a0\u00a0\u00a0 Carmelita Angela &#8211; Candidata a Prefeita PT \u00a0\u00a0\u00a0\u00a0\u00a0\u00a0\u00a0\u00a0\u00a0\u00a0\u00a0\u00a0 Jabes Ribeiro &#8211; Candidato a Prefeito PP \u00a0\u00a0\u00a0\u00a0\u00a0\u00a0\u00a0\u00a0\u00a0\u00a0\u00a0\u00a0 Jorge Luiz &#8211; Candidato a Prefeito PSOL 19h05 &#8211; Interven\u00e7\u00e3o Art\u00edstica I 19h10 &#8211; Sauda\u00e7\u00e3o da Mesa 19h20 [&hellip;]<\/p>\n","protected":false},"author":2,"featured_media":0,"comment_status":"open","ping_status":"open","sticky":false,"template":"","format":"standard","meta":{"_links_to":"","_links_to_target":""},"categories":[5],"tags":[],"_links":{"self":[{"href":"https:\/\/www.r2cpress.com.br\/v1\/wp-json\/wp\/v2\/posts\/49706"}],"collection":[{"href":"https:\/\/www.r2cpress.com.br\/v1\/wp-json\/wp\/v2\/posts"}],"about":[{"href":"https:\/\/www.r2cpress.com.br\/v1\/wp-json\/wp\/v2\/types\/post"}],"author":[{"embeddable":true,"href":"https:\/\/www.r2cpress.com.br\/v1\/wp-json\/wp\/v2\/users\/2"}],"replies":[{"embeddable":true,"href":"https:\/\/www.r2cpress.com.br\/v1\/wp-json\/wp\/v2\/comments?post=49706"}],"version-history":[{"count":3,"href":"https:\/\/www.r2cpress.com.br\/v1\/wp-json\/wp\/v2\/posts\/49706\/revisions"}],"predecessor-version":[{"id":49710,"href":"https:\/\/www.r2cpress.com.br\/v1\/wp-json\/wp\/v2\/posts\/49706\/revisions\/49710"}],"wp:attachment":[{"href":"https:\/\/www.r2cpress.com.br\/v1\/wp-json\/wp\/v2\/media?parent=49706"}],"wp:term":[{"taxonomy":"category","embeddable":true,"href":"https:\/\/www.r2cpress.com.br\/v1\/wp-json\/wp\/v2\/categories?post=49706"},{"taxonomy":"post_tag","embeddable":true,"href":"https:\/\/www.r2cpress.com.br\/v1\/wp-json\/wp\/v2\/tags?post=49706"}],"curies":[{"name":"wp","href":"https:\/\/api.w.org\/{rel}","templated":true}]}}