{"id":49790,"date":"2012-09-13T13:27:46","date_gmt":"2012-09-13T16:27:46","guid":{"rendered":"http:\/\/www.r2cpress.com.br\/v1\/?p=49790"},"modified":"2012-09-13T13:27:46","modified_gmt":"2012-09-13T16:27:46","slug":"prefeitura-municipal-de-ilheus-333","status":"publish","type":"post","link":"https:\/\/www.r2cpress.com.br\/v1\/2012\/09\/13\/prefeitura-municipal-de-ilheus-333\/","title":{"rendered":"Prefeitura Municipal de Ilh\u00e9us"},"content":{"rendered":"<p><center><a href=\"http:\/\/www.r2cpress.com.br\/v1\/wp-content\/uploads\/MONT-CAPA-SITE_04F2.jpg\"><img loading=\"lazy\" src=\"http:\/\/www.r2cpress.com.br\/v1\/wp-content\/uploads\/MONT-CAPA-SITE_04F2.jpg\" alt=\"\" title=\"MONT CAPA SITE_04F\" width=\"500\" height=\"500\" class=\"aligncenter size-full wp-image-49791\" srcset=\"https:\/\/www.r2cpress.com.br\/v1\/wp-content\/uploads\/MONT-CAPA-SITE_04F2.jpg 500w, https:\/\/www.r2cpress.com.br\/v1\/wp-content\/uploads\/MONT-CAPA-SITE_04F2-150x150.jpg 150w, https:\/\/www.r2cpress.com.br\/v1\/wp-content\/uploads\/MONT-CAPA-SITE_04F2-300x300.jpg 300w\" sizes=\"(max-width: 500px) 100vw, 500px\" \/><\/a><br \/>\nRecupera\u00e7\u00e3o das estradas vicinais seguem com novo cronograma<br \/>\nOpera\u00e7\u00e3o para melhorar ilumina\u00e7\u00e3o p\u00fablica de Ilh\u00e9us est\u00e1 concentrada no centro da cidade<br \/>\nSamu da Zona Sul ser\u00e1  inaugurado na pr\u00f3xima 2\u00aa<\/center><\/p>\n<p><!--more--><\/p>\n<p>***<\/p>\n<p><strong>Recupera\u00e7\u00e3o das estradas vicinais seguem com novo cronograma<\/strong><\/p>\n<p>V\u00e1rias estradas que d\u00e3o acesso a povoados, distritos e demais localidades rurais que cortam o munic\u00edpio de Ilh\u00e9us est\u00e3o sendo recuperadas pela secretaria de A\u00e7\u00f5es Regionais. No in\u00edcio deste m\u00eas (dia 6), uma frente de trabalho realizou o patrolamento da estrada de acesso ao distrito de Aritagu\u00e1. O mesmo servi\u00e7o tamb\u00e9m foi iniciado, na \u00faltima ter\u00e7a-feira (11), na Ladeira do Gringo e nos acessos para Aderno e Tibina (em dire\u00e7\u00e3o \u00e0 escola).<br \/>\nO escoamento da produ\u00e7\u00e3o dos pequenos produtores locais, al\u00e9m do acesso dos estudantes \u00e0 escola e das pessoas que trabalham ou buscam os mais diversos servi\u00e7os no centro da cidade ou em \u00e1reas pr\u00f3ximas s\u00e3o vistos pela secretaria como necessidades b\u00e1sicas para as pessoas que residem na zona rural, e desta forma, salienta o titular da pasta de A\u00e7\u00f5es Regionais, Manoelito Puentes: \u201c\u00c9 preciso manter sempre em dia a programa\u00e7\u00e3o de manuten\u00e7\u00e3o das estradas, visando beneficiar essa expressiva parcela da popula\u00e7\u00e3o de Ilh\u00e9us\u201d.<br \/>\nEsta semana, a secretaria de A\u00e7\u00f5es Regionais finalizou os servi\u00e7os de patrolamento, drenagem e pavimenta\u00e7\u00e3o na estrada do Retiro e em parte da estrada que liga Ponta da Tulha ao asfalto. Tamb\u00e9m foi realizada a constru\u00e7\u00e3o de bueiros, para auxiliar o escoamento das \u00e1guas pluviais, visando aumentar a durabilidade da estrada. Em outro trecho: de Retiro em dire\u00e7\u00e3o a Lagoa Encantada, a melhoria na estrada j\u00e1 est\u00e1 possibilitando a passagem de \u00f4nibus escolar e de ve\u00edculos em geral.<br \/>\nO trabalho de melhoria das estradas vicinais \u2013 explicou Manoelito Puentes \u2013 conta com o suporte de 20 homens e com m\u00e1quinas a exemplo de patrol, p\u00e1-carregadeira, ca\u00e7amba e retroescavadeira, entre outras. O ramal da Vila S\u00e3o Jo\u00e3o \u2013 de cima e de baixo \u2013, em Maria Jape, tamb\u00e9m recebeu patrolamento e escascalhamento. Na localidade do Couto, a prefeitura tamb\u00e9m promoveu melhorias nas ruas do local com servi\u00e7o de patrolamento e em Cururutinga o servi\u00e7o realizado na estrada que d\u00e1 acesso ao local foi o de encascalhamento.<br \/>\nManuelito Puentes informou que a proposta do prefeito Newton Lima \u00e9 realizar as obras de melhorias nas mais diversas estradas vicinais de Ilh\u00e9us. O problema \u00e9 a falta de maquin\u00e1rio e equipamentos suficientes para atender aos mais de 1.100 quil\u00f4metros de estradas de todo o munic\u00edpio. Mas apesar de todas as dificuldades, segundo ele, o munic\u00edpio vem fazendo a sua parte e vai ampliar ainda mais os servi\u00e7os, beneficiando diversas comunidades com a melhoria das estradas.<br \/>\nAinda de acordo com informa\u00e7\u00f5es do secret\u00e1rio Manoelito Puentes na pr\u00f3xima semana uma frente de trabalho vai iniciar a recupera\u00e7\u00e3o da estrada que liga a zona urbana \u00e0 Sambaituba e a partir do dia 24, ser\u00e1 a vez da estrada de acesso ao Japu.<\/p>\n<p><strong>Opera\u00e7\u00e3o para melhorar ilumina\u00e7\u00e3o p\u00fablica de Ilh\u00e9us est\u00e1 concentrada no centro da cidade<\/strong><\/p>\n<p>A \u00e1rea central de Ilh\u00e9us, incluindo ruas, pra\u00e7as e avenidas, j\u00e1 est\u00e1 sendo beneficiada por uma grande opera\u00e7\u00e3o para melhorar, de forma significativa, o sistema de ilumina\u00e7\u00e3o p\u00fablica da cidade. Prestados pela empresa Citeluz, vencedora do processo licitat\u00f3rio, os servi\u00e7os promover\u00e3o a instala\u00e7\u00e3o de 10 mil l\u00e2mpadas brancas de 250 wattz. Uma das localidades favorecidas pelo trabalho, que tamb\u00e9m viabilizar\u00e1 a troca de bra\u00e7os, reatores e fotoc\u00e9lulas, \u00e9 a avenida Soares Lopes, principal cart\u00e3o postal do munic\u00edpio.<br \/>\nDe acordo com o secret\u00e1rio municipal de Desenvolvimento Urbano, Ben\u00edlson Veloso, al\u00e9m da avenida Soares Lopes, o esfor\u00e7o tamb\u00e9m favorece, neste primeiro momento, diversas outras art\u00e9rias do centro da cidade, como Tiradentes, D. Pedro II, Bento Berilo, Eust\u00e1quio Bastos, Ara\u00fajo Pinho, Dois de Julho e Marques de Paranagu\u00e1. Na sequ\u00eancia, continua Ben\u00edlson, as equipes da Citeluz ser\u00e3o deslocadas para o alto da Conquista, alto Teres\u00f3polis e Ladeira da Vit\u00f3ria.<br \/>\n\u201cA terceira etapa deste trabalho ser\u00e1 realizado, simultaneamente, nas zonas norte e sul de Ilh\u00e9us. Na zona norte, estaremos contemplando os bairros do Iguape, Barra, S\u00e3o Domingos, S\u00e3o Miguel, Malhado e morros adjacentes. J\u00e1 na zona sul, a proposta \u00e9 melhorar a ilumina\u00e7\u00e3o da Lomanto J\u00fanior, Sapetinga, Pontal, Nova Bras\u00edlia, Nelson Costa e Hernani S\u00e1, entre outros\u201d, informa o secret\u00e1rio.<br \/>\nMelhorar &#8211; Para o secret\u00e1rio de Desenvolvimento Urbano, al\u00e9m de organizar ainda mais a cidade, a instala\u00e7\u00e3o das 10 mil l\u00e2mpadas ser\u00e1 fundamental para deixar o munic\u00edpio mais preparado para a chegada da alta esta\u00e7\u00e3o, quando, tradicionalmente, recebe milhares de turistas. \u201cMesmo com todas as dificuldades econ\u00f4micas que ainda marcam o dia-a-dia da administra\u00e7\u00e3o p\u00fablica, o governo segue trabalhando para melhorar a qualidade de vida da popula\u00e7\u00e3o\u201d, reitera.<br \/>\nBen\u00edlson Veloso informa ainda que, al\u00e9m da instala\u00e7\u00e3o e substitui\u00e7\u00e3o imediatas de componentes el\u00e9tricos, a empresa Citeluz tamb\u00e9m ficar\u00e1 encarregada de executar, at\u00e9 o pr\u00f3ximo m\u00eas de dezembro, todo o servi\u00e7o de manuten\u00e7\u00e3o. \u201cUma cidade importante como Ilh\u00e9us, com um grande fluxo anual de visitantes, precisa de um bom sistema de ilumina\u00e7\u00e3o p\u00fablica. E \u00e9 esse o nosso objetivo\u201d, completa.<\/p>\n<p><strong>Samu da Zona Sul ser\u00e1  inaugurado na pr\u00f3xima 2\u00aa<\/strong><\/p>\n<p>Ser\u00e1 inaugurada na pr\u00f3xima segunda-feira (17) a nova sede do Servi\u00e7o M\u00f3vel de Urg\u00eancia e Emerg\u00eancia (Samu), na Zona Sul da cidade, em Ilh\u00e9us. A nova central ser\u00e1 localizada no bairro Hernani S\u00e1 (Urbis), ao lado do Centro Avan\u00e7ado de Sa\u00fade. A unidade ser\u00e1 composta por uma equipe formada por consultor socorrista e t\u00e9cnico de enfermagem, al\u00e9m de uma Unidade M\u00f3vel B\u00e1sica.<br \/>\nSegundo o prefeito Newton Lima, esta \u00e9 uma grande conquista para a popula\u00e7\u00e3o que reside na zona sul da cidade. \u201cA Secretaria de Sa\u00fade envidou esfor\u00e7os para que esta expans\u00e3o do Samu acontecesse. Agora, menos de um m\u00eas desde o in\u00edcio das obras, a unidade j\u00e1 estar\u00e1 a disposi\u00e7\u00e3o da popula\u00e7\u00e3o ilheense\u201d, afirmou o prefeito.<br \/>\nO vereador Edivaldo Nascimento (Dinho G\u00e1s), presidente do Legislativo Ilheense, elogiou a iniciativa da gest\u00e3o municipal destacando que a zona sul da cidade \u00e9 umas das \u00e1reas que mais crescem em Ilh\u00e9us. \u201cO atendimento m\u00e9dico n\u00e3o pode ficar em fun\u00e7\u00e3o de um tr\u00e1fego rodovi\u00e1rio complicado pelos congestionamentos da ponte Lomanto J\u00fanior, como ocorre no trecho Centro e Pontal\u201d, salientou o vereador.<br \/>\nO secret\u00e1rio da Sa\u00fade do munic\u00edpio, Ronaldo Lavigne, destacou ainda a agilidade do atendimento, possibilitado pela constru\u00e7\u00e3o desta nova unidade aumentando ainda mais a qualidade do servi\u00e7o prestado. \u201cO tempo resposta para o atendimento de casos como afogamento, infartos ou acidentes rodovi\u00e1rios precisa ser o menor poss\u00edvel para diminuir os poss\u00edveis danos. Mesmo nos casos em que a interna\u00e7\u00e3o hospitalar seja necess\u00e1ria, os primeiros atendimentos podem fazer toda a diferen\u00e7a\u201d, comentou.<br \/>\n\u00c9 importante salientar a que o n\u00famero para solicita\u00e7\u00e3o do Samu continuar\u00e1 o mesmo, 192. Todas as liga\u00e7\u00f5es ir\u00e3o para uma central que acionar\u00e1 as equipes de acordo com a localidade da urg\u00eancia. A unidade antiga do Samu, com as demais equipes, tamb\u00e9m continuar\u00e1 funcionando normalmente.<\/p>\n","protected":false},"excerpt":{"rendered":"<p>Recupera\u00e7\u00e3o das estradas vicinais seguem com novo cronograma Opera\u00e7\u00e3o para melhorar ilumina\u00e7\u00e3o p\u00fablica de Ilh\u00e9us est\u00e1 concentrada no centro da cidade Samu da Zona Sul ser\u00e1 inaugurado na pr\u00f3xima 2\u00aa<\/p>\n","protected":false},"author":2,"featured_media":0,"comment_status":"open","ping_status":"open","sticky":false,"template":"","format":"standard","meta":{"_links_to":"","_links_to_target":""},"categories":[23],"tags":[],"_links":{"self":[{"href":"https:\/\/www.r2cpress.com.br\/v1\/wp-json\/wp\/v2\/posts\/49790"}],"collection":[{"href":"https:\/\/www.r2cpress.com.br\/v1\/wp-json\/wp\/v2\/posts"}],"about":[{"href":"https:\/\/www.r2cpress.com.br\/v1\/wp-json\/wp\/v2\/types\/post"}],"author":[{"embeddable":true,"href":"https:\/\/www.r2cpress.com.br\/v1\/wp-json\/wp\/v2\/users\/2"}],"replies":[{"embeddable":true,"href":"https:\/\/www.r2cpress.com.br\/v1\/wp-json\/wp\/v2\/comments?post=49790"}],"version-history":[{"count":2,"href":"https:\/\/www.r2cpress.com.br\/v1\/wp-json\/wp\/v2\/posts\/49790\/revisions"}],"predecessor-version":[{"id":49793,"href":"https:\/\/www.r2cpress.com.br\/v1\/wp-json\/wp\/v2\/posts\/49790\/revisions\/49793"}],"wp:attachment":[{"href":"https:\/\/www.r2cpress.com.br\/v1\/wp-json\/wp\/v2\/media?parent=49790"}],"wp:term":[{"taxonomy":"category","embeddable":true,"href":"https:\/\/www.r2cpress.com.br\/v1\/wp-json\/wp\/v2\/categories?post=49790"},{"taxonomy":"post_tag","embeddable":true,"href":"https:\/\/www.r2cpress.com.br\/v1\/wp-json\/wp\/v2\/tags?post=49790"}],"curies":[{"name":"wp","href":"https:\/\/api.w.org\/{rel}","templated":true}]}}