{"id":49804,"date":"2012-09-13T16:06:14","date_gmt":"2012-09-13T19:06:14","guid":{"rendered":"http:\/\/www.r2cpress.com.br\/v1\/?p=49804"},"modified":"2012-09-13T16:06:14","modified_gmt":"2012-09-13T19:06:14","slug":"policia-federal-em-greve","status":"publish","type":"post","link":"https:\/\/www.r2cpress.com.br\/v1\/2012\/09\/13\/policia-federal-em-greve\/","title":{"rendered":"Policia Federal em greve."},"content":{"rendered":"<div id=\"attachment_49805\" style=\"width: 560px\" class=\"wp-caption aligncenter\"><a href=\"http:\/\/www.r2cpress.com.br\/v1\/wp-content\/uploads\/pf-greve-ios.jpg\"><img aria-describedby=\"caption-attachment-49805\" loading=\"lazy\" class=\"size-full wp-image-49805\" title=\"pf greve ios\" src=\"http:\/\/www.r2cpress.com.br\/v1\/wp-content\/uploads\/pf-greve-ios.jpg\" alt=\"\" width=\"550\" height=\"413\" srcset=\"https:\/\/www.r2cpress.com.br\/v1\/wp-content\/uploads\/pf-greve-ios.jpg 550w, https:\/\/www.r2cpress.com.br\/v1\/wp-content\/uploads\/pf-greve-ios-300x225.jpg 300w\" sizes=\"(max-width: 550px) 100vw, 550px\" \/><\/a><p id=\"caption-attachment-49805\" class=\"wp-caption-text\">PF IOS.<\/p><\/div>\n<p>A mais de 30 dias em greve os Agentes, Escriv\u00e3es e Papiloscopistas\u00a0da Policia Federal reivindicam a reestrutura\u00e7\u00e3o de sua carreira e o respectivo igualamento salarial\u00a0\u00e0s carreiras de niv\u00e9l superior do Poder Executivo. Porque os policiais federais n\u00e3o podem ganhar o mesmo que os agentes da ABIM, ANCINE, ANATEL e outros org\u00e3o reguladores???? S\u00e3o todos org\u00e3os do poder executivo, carreiras de Estado e que exigem nivel superior e concurso para o ingresso na carreira!!! E n\u00e3o se deve esquecer dos servi\u00e7o prestados pela Policia Federal nos \u00faltimos anos, n\u00e3o se pode falar que este \u00e9 um org\u00e3o que n\u00e3o produz resultados em prol da sociedade&#8230;<br \/>\nAs elei\u00e7\u00f5es est\u00e3o chegando e n\u00e3o s\u00f3 os bandidos mas tamb\u00e9m alguns candidatos desonestos comemoram o processo de desvaloriza\u00e7\u00e3o em que a policia se encontra, o que resulta na presente greve dos policiais. A\u00a0pergunta que fica no ar \u00e9:\u00a0&#8220;Quem \u00e9 que\u00a0lucra com\u00a0uma policia desmotivada e desvalorizada?&#8221;<\/p>\n<p>Maiores informa\u00e7\u00f5es sobre a greve em <a href=\"http:\/\/fenapef.org.br\/fenapef\/\" target=\"_blank\">http:\/\/fenapef.org.br\/fenapef\/<\/a><\/p>\n","protected":false},"excerpt":{"rendered":"<p>A mais de 30 dias em greve os Agentes, Escriv\u00e3es e Papiloscopistas\u00a0da Policia Federal reivindicam a reestrutura\u00e7\u00e3o de sua carreira e o respectivo igualamento salarial\u00a0\u00e0s carreiras de niv\u00e9l superior do Poder Executivo. Porque os policiais federais n\u00e3o podem ganhar o mesmo que os agentes da ABIM, ANCINE, ANATEL e outros org\u00e3o reguladores???? S\u00e3o todos org\u00e3os [&hellip;]<\/p>\n","protected":false},"author":2,"featured_media":0,"comment_status":"open","ping_status":"open","sticky":false,"template":"","format":"standard","meta":{"_links_to":"","_links_to_target":""},"categories":[25],"tags":[],"_links":{"self":[{"href":"https:\/\/www.r2cpress.com.br\/v1\/wp-json\/wp\/v2\/posts\/49804"}],"collection":[{"href":"https:\/\/www.r2cpress.com.br\/v1\/wp-json\/wp\/v2\/posts"}],"about":[{"href":"https:\/\/www.r2cpress.com.br\/v1\/wp-json\/wp\/v2\/types\/post"}],"author":[{"embeddable":true,"href":"https:\/\/www.r2cpress.com.br\/v1\/wp-json\/wp\/v2\/users\/2"}],"replies":[{"embeddable":true,"href":"https:\/\/www.r2cpress.com.br\/v1\/wp-json\/wp\/v2\/comments?post=49804"}],"version-history":[{"count":3,"href":"https:\/\/www.r2cpress.com.br\/v1\/wp-json\/wp\/v2\/posts\/49804\/revisions"}],"predecessor-version":[{"id":49808,"href":"https:\/\/www.r2cpress.com.br\/v1\/wp-json\/wp\/v2\/posts\/49804\/revisions\/49808"}],"wp:attachment":[{"href":"https:\/\/www.r2cpress.com.br\/v1\/wp-json\/wp\/v2\/media?parent=49804"}],"wp:term":[{"taxonomy":"category","embeddable":true,"href":"https:\/\/www.r2cpress.com.br\/v1\/wp-json\/wp\/v2\/categories?post=49804"},{"taxonomy":"post_tag","embeddable":true,"href":"https:\/\/www.r2cpress.com.br\/v1\/wp-json\/wp\/v2\/tags?post=49804"}],"curies":[{"name":"wp","href":"https:\/\/api.w.org\/{rel}","templated":true}]}}